{"id":10552,"date":"2019-11-19T14:47:57","date_gmt":"2019-11-19T19:47:57","guid":{"rendered":"http:\/\/www.jjcardinal.ca\/?p=10552"},"modified":"2020-03-20T14:49:24","modified_gmt":"2020-03-20T18:49:24","slug":"mrs-denise-beaulne","status":"publish","type":"post","link":"https:\/\/jjcardinal.ca\/en\/mrs-denise-beaulne\/","title":{"rendered":"Mrs Denise Beaulne"},"content":{"rendered":"<p class=\"date-deces\"><strong>Passed away \u00a0on\u00a0November 19th, 2019\u00a0 at the age of\u00a089 years old<\/strong><\/p>\n<hr \/>\n<div class=\"menu-action-bar\">\n<div class=\"texte\">\n<p>Le 19 novembre 2019, \u00e0 l\u2019\u00e2ge de 89 ans est d\u00e9c\u00e9d\u00e9e Mme Denise Beaulne.<\/p>\n<p>Elle laisse dans le deuil ses ni\u00e8ces Huguette (Marcel) et Francine, sa petite-ni\u00e8ce Donna (Jonathan), leurs enfants Mavrick et Annabelle ainsi que ses amis.<\/p>\n<p>La famille recevra les condol\u00e9ances le vendredi 29 novembre d\u00e8s 9h30 en l\u2019\u00c9glise des Sts-Anges (1400, Boul St-Joseph, Lachine). Les fun\u00e9railles suivront en l\u2019\u00c9glise \u00e0 10h30.<\/p>\n<p>La famille remercie le personnel du 4ieme \u00e9tage du Centre Camile Lefebvre pour les bons soins particuli\u00e8rement l\u2019infirmi\u00e8re H\u00e9l\u00e8ne.<\/p>\n<\/div>\n<div class=\"spacing-top-40px\">\n<h3>R\u00c9SIDENCE FUN\u00c9RAIRE J.J. CARDINAL<\/h3>\n<p>2125, rue Notre-Dame, Lachine (Qu\u00e9bec)\u00a0\u00a0H8S 2G5<\/p>\n<p>Tel.:\u00a0514-639-1511\u00a0|\u00a0Fax:\u00a0514-639-1516\u00a0|\u00a0Email:\u00a0<a href=\"mailto:info@jjcardinal.ca\">info@jjcardinal.ca<\/a><\/p>\n<p class=\"links\"><a href=\"https:\/\/goo.gl\/maps\/6TF2f\" target=\"_blank\" rel=\"noopener noreferrer\">Driving directions<\/a>\u00a0|\u00a0<a href=\"http:\/\/www.meteomedia.com\/weather\/caqc0281\" target=\"_blank\" rel=\"noopener noreferrer\">Weather forecasts<\/a><\/p>\n<\/div>\n<\/div>\n","protected":false},"excerpt":{"rendered":"<p>Passed away \u00a0on\u00a0November 19th, 2019\u00a0 at the age of\u00a089 years old Le 19 novembre 2019, \u00e0 l\u2019\u00e2ge de 89 ans est d\u00e9c\u00e9d\u00e9e Mme Denise Beaulne. Elle laisse dans le deuil ses ni\u00e8ces Huguette (Marcel) et Francine, sa petite-ni\u00e8ce Donna (Jonathan), leurs enfants Mavrick et Annabelle ainsi que ses amis. La famille recevra les condol\u00e9ances le [&hellip;]<\/p>\n","protected":false},"author":58,"featured_media":10550,"comment_status":"open","ping_status":"open","sticky":false,"template":"","format":"standard","meta":{"_seopress_robots_primary_cat":"","_seopress_titles_title":"","_seopress_titles_desc":"","_seopress_robots_index":"","footnotes":""},"categories":[68],"tags":[],"class_list":["post-10552","post","type-post","status-publish","format-standard","has-post-thumbnail","hentry","category-obituaries"],"_links":{"self":[{"href":"https:\/\/jjcardinal.ca\/en\/wp-json\/wp\/v2\/posts\/10552","targetHints":{"allow":["GET"]}}],"collection":[{"href":"https:\/\/jjcardinal.ca\/en\/wp-json\/wp\/v2\/posts"}],"about":[{"href":"https:\/\/jjcardinal.ca\/en\/wp-json\/wp\/v2\/types\/post"}],"author":[{"embeddable":true,"href":"https:\/\/jjcardinal.ca\/en\/wp-json\/wp\/v2\/users\/58"}],"replies":[{"embeddable":true,"href":"https:\/\/jjcardinal.ca\/en\/wp-json\/wp\/v2\/comments?post=10552"}],"version-history":[{"count":0,"href":"https:\/\/jjcardinal.ca\/en\/wp-json\/wp\/v2\/posts\/10552\/revisions"}],"wp:featuredmedia":[{"embeddable":true,"href":"https:\/\/jjcardinal.ca\/en\/wp-json\/wp\/v2\/media\/10550"}],"wp:attachment":[{"href":"https:\/\/jjcardinal.ca\/en\/wp-json\/wp\/v2\/media?parent=10552"}],"wp:term":[{"taxonomy":"category","embeddable":true,"href":"https:\/\/jjcardinal.ca\/en\/wp-json\/wp\/v2\/categories?post=10552"},{"taxonomy":"post_tag","embeddable":true,"href":"https:\/\/jjcardinal.ca\/en\/wp-json\/wp\/v2\/tags?post=10552"}],"curies":[{"name":"wp","href":"https:\/\/api.w.org\/{rel}","templated":true}]}}