{"id":11045,"date":"2020-01-15T13:26:56","date_gmt":"2020-01-15T18:26:56","guid":{"rendered":"http:\/\/www.jjcardinal.ca\/?p=11045"},"modified":"2020-03-26T13:29:23","modified_gmt":"2020-03-26T17:29:23","slug":"mrs-rachelle-deroy-nee-gosselin","status":"publish","type":"post","link":"https:\/\/jjcardinal.ca\/en\/mrs-rachelle-deroy-nee-gosselin\/","title":{"rendered":"Mrs Rachelle Deroy N\u00e9e Gosselin"},"content":{"rendered":"<p class=\"date-deces\"><strong>Passed away on January 15th, 2020 at the age of 82 years old<\/strong><\/p>\n<hr \/>\n<div class=\"menu-action-bar\">\n<section class=\"col-md-8 content-avis-deces\">\n<div class=\"texte\">\n<p>Le 15 janvier 2020, \u00e0 l\u2019\u00e2ge de 82 ans, est d\u00e9c\u00e9d\u00e9 Rachelle Gosselin \u00e9pouse de feu L\u00e9o Deroy.<\/p>\n<p>Elle laisse dans le deuil, ses enfants Carole, Daniel, Sylvie, Manon, Steven leur conjoint\/conjointe, ses petits-enfants, ses arri\u00e8re-petits-enfants ainsi que plusieurs parents et amis.<\/p>\n<p>Afin de respecter ses derni\u00e8res volont\u00e9s, il n\u2019y aura pas de service.<\/p>\n<p>Notre m\u00e9moire sera pour toujours empreinte de beaux souvenirs en pensant \u00e0 toi. Nous t\u2019aimons et nous te remercions pour tout l\u2019amour et la bont\u00e9 que tu nous as donn\u00e9.<\/p>\n<\/div>\n<div class=\"spacing-top-40px\">\n<h3>R\u00c9SIDENCE FUN\u00c9RAIRE J.J. CARDINAL<\/h3>\n<p>2125, rue Notre-Dame, Lachine (Qu\u00e9bec)\u00a0\u00a0H8S 2G5<\/p>\n<p>Tel.:\u00a0514-639-1511\u00a0|\u00a0Fax:\u00a0514-639-1516\u00a0|\u00a0Email:\u00a0<a href=\"mailto:info@jjcardinal.ca\">info@jjcardinal.ca<\/a><\/p>\n<p class=\"links\"><a href=\"https:\/\/goo.gl\/maps\/6TF2f\" target=\"_blank\" rel=\"noopener noreferrer\">Driving directions<\/a>\u00a0|\u00a0<a href=\"http:\/\/www.meteomedia.com\/weather\/caqc0281\" target=\"_blank\" rel=\"noopener noreferrer\">Weather forecasts<\/a><\/p>\n<\/div>\n<\/section>\n<aside class=\"col-md-4\">\n<div class=\"photo-deces visible-md visible-lg\">\n<div class=\"box-image\"><\/div>\n<\/div>\n<\/aside>\n<\/div>\n","protected":false},"excerpt":{"rendered":"<p>Passed away on January 15th, 2020 at the age of 82 years old Le 15 janvier 2020, \u00e0 l\u2019\u00e2ge de 82 ans, est d\u00e9c\u00e9d\u00e9 Rachelle Gosselin \u00e9pouse de feu L\u00e9o Deroy. Elle laisse dans le deuil, ses enfants Carole, Daniel, Sylvie, Manon, Steven leur conjoint\/conjointe, ses petits-enfants, ses arri\u00e8re-petits-enfants ainsi que plusieurs parents et amis. [&hellip;]<\/p>\n","protected":false},"author":58,"featured_media":11043,"comment_status":"open","ping_status":"open","sticky":false,"template":"","format":"standard","meta":{"_seopress_robots_primary_cat":"","_seopress_titles_title":"","_seopress_titles_desc":"","_seopress_robots_index":"","footnotes":""},"categories":[68],"tags":[],"class_list":["post-11045","post","type-post","status-publish","format-standard","has-post-thumbnail","hentry","category-obituaries"],"_links":{"self":[{"href":"https:\/\/jjcardinal.ca\/en\/wp-json\/wp\/v2\/posts\/11045","targetHints":{"allow":["GET"]}}],"collection":[{"href":"https:\/\/jjcardinal.ca\/en\/wp-json\/wp\/v2\/posts"}],"about":[{"href":"https:\/\/jjcardinal.ca\/en\/wp-json\/wp\/v2\/types\/post"}],"author":[{"embeddable":true,"href":"https:\/\/jjcardinal.ca\/en\/wp-json\/wp\/v2\/users\/58"}],"replies":[{"embeddable":true,"href":"https:\/\/jjcardinal.ca\/en\/wp-json\/wp\/v2\/comments?post=11045"}],"version-history":[{"count":0,"href":"https:\/\/jjcardinal.ca\/en\/wp-json\/wp\/v2\/posts\/11045\/revisions"}],"wp:featuredmedia":[{"embeddable":true,"href":"https:\/\/jjcardinal.ca\/en\/wp-json\/wp\/v2\/media\/11043"}],"wp:attachment":[{"href":"https:\/\/jjcardinal.ca\/en\/wp-json\/wp\/v2\/media?parent=11045"}],"wp:term":[{"taxonomy":"category","embeddable":true,"href":"https:\/\/jjcardinal.ca\/en\/wp-json\/wp\/v2\/categories?post=11045"},{"taxonomy":"post_tag","embeddable":true,"href":"https:\/\/jjcardinal.ca\/en\/wp-json\/wp\/v2\/tags?post=11045"}],"curies":[{"name":"wp","href":"https:\/\/api.w.org\/{rel}","templated":true}]}}