{"id":11783,"date":"2020-03-28T00:39:32","date_gmt":"2020-03-28T04:39:32","guid":{"rendered":"http:\/\/www.jjcardinal.ca\/mme-linda-grenier-2\/"},"modified":"2020-04-03T07:26:13","modified_gmt":"2020-04-03T11:26:13","slug":"mme-linda-grenier-2","status":"publish","type":"post","link":"https:\/\/jjcardinal.ca\/en\/mme-linda-grenier-2\/","title":{"rendered":"Mrs. Linda Grenier"},"content":{"rendered":"<p><strong>D\u00e9c\u00e9d\u00e9e\u00a0le\u00a023 janvier 2020\u00a0 \u00e0 l&#8217;\u00e2ge de\u00a084 ans<\/strong><\/p>\n<hr \/>\n<div class=\"texte\">\n<p>C\u2019est avec le c\u0153ur lourd que nous annon\u00e7ons le d\u00e9c\u00e8s de Linda Grenier le 23 janvier 2020 \u00e0 l\u2019\u00e2ge de 84 ans.<\/p>\n<p>Elle laisse dans le deuil son conjoint G\u00e9rard Beauvais, ses enfants Lynn (Klaus), Kevin, Manon (Jean), Sylvie et Jos\u00e9e (Larry), ses petits-enfants Mathieu, St\u00e9phanie, Karine et Maud, ses arri\u00e8res-petits-enfants Lauralie et J\u00e9r\u00e9my, sa s\u0153ur Lucille (Jean-Guy), ses ni\u00e8ces Line et Linda ainsi que de nombreux parents et amis.<\/p>\n<p>La famille recevra les condol\u00e9ances \u00e0 la R\u00e9sidence Fun\u00e9raire J.J. Cardinal, 2125 rue Notre-Dame, Lachine (www.jjcardinal.ca 514-639-1511) le samedi 1er f\u00e9vrier de 13h30 \u00e0 17h suivi des fun\u00e9railles dans la chapelle de la R\u00e9sidence \u00e0 17h.<\/p>\n<\/div>\n<div class=\"spacing-top-40px\">\n<h3>R\u00c9SIDENCE FUN\u00c9RAIRE J.J. CARDINAL<\/h3>\n<p>2125, rue Notre-Dame, Lachine (Qu\u00e9bec)\u00a0\u00a0H8S 2G5<\/p>\n<p>T\u00e9l. :\u00a0514-639-1511\u00a0|\u00a0T\u00e9l\u00e9c. :\u00a0514-639-1516\u00a0|\u00a0Courriel :\u00a0<a href=\"mailto:info@jjcardinal.ca\">info@jjcardinal.ca<\/a><\/p>\n<p class=\"links\"><a href=\"https:\/\/goo.gl\/maps\/6TF2f\" target=\"_blank\" rel=\"noopener noreferrer\">Indications routi\u00e8res<\/a>\u00a0|\u00a0<a href=\"http:\/\/www.meteomedia.com\/weather\/caqc0281\" target=\"_blank\" rel=\"noopener noreferrer\">Pr\u00e9visions m\u00e9t\u00e9orologiques<\/a><\/p>\n<\/div>\n","protected":false},"excerpt":{"rendered":"<p>D\u00e9c\u00e9d\u00e9e\u00a0le\u00a023 janvier 2020\u00a0 \u00e0 l&#8217;\u00e2ge de\u00a084 ans C\u2019est avec le c\u0153ur lourd que nous annon\u00e7ons le d\u00e9c\u00e8s de Linda Grenier le 23 janvier 2020 \u00e0 l\u2019\u00e2ge de 84 ans. Elle laisse dans le deuil son conjoint G\u00e9rard Beauvais, ses enfants Lynn (Klaus), Kevin, Manon (Jean), Sylvie et Jos\u00e9e (Larry), ses petits-enfants Mathieu, St\u00e9phanie, Karine et [&hellip;]<\/p>\n","protected":false},"author":7,"featured_media":11545,"comment_status":"open","ping_status":"open","sticky":false,"template":"","format":"standard","meta":{"_seopress_robots_primary_cat":"","_seopress_titles_title":"","_seopress_titles_desc":"","_seopress_robots_index":"","footnotes":""},"categories":[68],"tags":[],"class_list":["post-11783","post","type-post","status-publish","format-standard","has-post-thumbnail","hentry","category-obituaries"],"_links":{"self":[{"href":"https:\/\/jjcardinal.ca\/en\/wp-json\/wp\/v2\/posts\/11783","targetHints":{"allow":["GET"]}}],"collection":[{"href":"https:\/\/jjcardinal.ca\/en\/wp-json\/wp\/v2\/posts"}],"about":[{"href":"https:\/\/jjcardinal.ca\/en\/wp-json\/wp\/v2\/types\/post"}],"author":[{"embeddable":true,"href":"https:\/\/jjcardinal.ca\/en\/wp-json\/wp\/v2\/users\/7"}],"replies":[{"embeddable":true,"href":"https:\/\/jjcardinal.ca\/en\/wp-json\/wp\/v2\/comments?post=11783"}],"version-history":[{"count":0,"href":"https:\/\/jjcardinal.ca\/en\/wp-json\/wp\/v2\/posts\/11783\/revisions"}],"wp:featuredmedia":[{"embeddable":true,"href":"https:\/\/jjcardinal.ca\/en\/wp-json\/wp\/v2\/media\/11545"}],"wp:attachment":[{"href":"https:\/\/jjcardinal.ca\/en\/wp-json\/wp\/v2\/media?parent=11783"}],"wp:term":[{"taxonomy":"category","embeddable":true,"href":"https:\/\/jjcardinal.ca\/en\/wp-json\/wp\/v2\/categories?post=11783"},{"taxonomy":"post_tag","embeddable":true,"href":"https:\/\/jjcardinal.ca\/en\/wp-json\/wp\/v2\/tags?post=11783"}],"curies":[{"name":"wp","href":"https:\/\/api.w.org\/{rel}","templated":true}]}}