{"id":11808,"date":"2020-03-28T00:32:39","date_gmt":"2020-03-28T04:32:39","guid":{"rendered":"http:\/\/www.jjcardinal.ca\/mme-claudette-sauve-gervais\/"},"modified":"2020-04-03T08:25:10","modified_gmt":"2020-04-03T12:25:10","slug":"mme-claudette-sauve-gervais","status":"publish","type":"post","link":"https:\/\/jjcardinal.ca\/en\/mme-claudette-sauve-gervais\/","title":{"rendered":"Mme Claudette Sauv\u00e9 Gervais"},"content":{"rendered":"<p><strong>D\u00e9c\u00e9d\u00e9e\u00a0le\u00a030 janvier 2020\u00a0 \u00e0 l&#8217;\u00e2ge de\u00a077 ans<\/strong><\/p>\n<hr \/>\n<div class=\"texte\">\n<p>C\u2019est avec tristesse que nous annon\u00e7ons le d\u00e9c\u00e8s de Claudette Sauv\u00e9 Gervais le 30 janvier 2020, \u00e9pouse de Andr\u00e9 Gervais.<\/p>\n<p>Outre son \u00e9poux, elle laisse dans le deuil ses enfants Johanne (Serge) et Sylvain (V\u00e9ronique), ses petits-enfants \u00c8ve, Marc-Andr\u00e9 et Sarah-Maude, sa s\u0153ur Rita (Robert), ses neveux et ni\u00e8ces ainsi que de nombreux parents et amis.<\/p>\n<p>La famille recevra les condol\u00e9ances \u00e0 la R\u00e9sidence Fun\u00e9raire J.J. Cardinal, 2125 rue Notre-Dame, Lachine (www.jjcardinal.ca 514-639-1511) le samedi, 8 f\u00e9vrier 2020 de 10h \u00e0 13h suivi du service fun\u00e9raire dans la chapelle de la R\u00e9sidence.<\/p>\n<\/div>\n<div class=\"spacing-top-40px\">\n<h3>R\u00c9SIDENCE FUN\u00c9RAIRE J.J. CARDINAL<\/h3>\n<p>2125, rue Notre-Dame, Lachine (Qu\u00e9bec)\u00a0\u00a0H8S 2G5<\/p>\n<p>T\u00e9l. :\u00a0514-639-1511\u00a0|\u00a0T\u00e9l\u00e9c. :\u00a0514-639-1516\u00a0|\u00a0Courriel :\u00a0<a href=\"mailto:info@jjcardinal.ca\">info@jjcardinal.ca<\/a><\/p>\n<p class=\"links\"><a href=\"https:\/\/goo.gl\/maps\/6TF2f\" target=\"_blank\" rel=\"noopener noreferrer\">Indications routi\u00e8res<\/a>\u00a0|\u00a0<a href=\"http:\/\/www.meteomedia.com\/weather\/caqc0281\" target=\"_blank\" rel=\"noopener noreferrer\">Pr\u00e9visions m\u00e9t\u00e9orologiques<\/a><\/p>\n<\/div>\n","protected":false},"excerpt":{"rendered":"<p>D\u00e9c\u00e9d\u00e9e\u00a0le\u00a030 janvier 2020\u00a0 \u00e0 l&#8217;\u00e2ge de\u00a077 ans C\u2019est avec tristesse que nous annon\u00e7ons le d\u00e9c\u00e8s de Claudette Sauv\u00e9 Gervais le 30 janvier 2020, \u00e9pouse de Andr\u00e9 Gervais. Outre son \u00e9poux, elle laisse dans le deuil ses enfants Johanne (Serge) et Sylvain (V\u00e9ronique), ses petits-enfants \u00c8ve, Marc-Andr\u00e9 et Sarah-Maude, sa s\u0153ur Rita (Robert), ses neveux et [&hellip;]<\/p>\n","protected":false},"author":7,"featured_media":11514,"comment_status":"open","ping_status":"open","sticky":false,"template":"","format":"standard","meta":{"_seopress_robots_primary_cat":"","_seopress_titles_title":"","_seopress_titles_desc":"","_seopress_robots_index":"","footnotes":""},"categories":[68],"tags":[],"class_list":["post-11808","post","type-post","status-publish","format-standard","has-post-thumbnail","hentry","category-obituaries"],"_links":{"self":[{"href":"https:\/\/jjcardinal.ca\/en\/wp-json\/wp\/v2\/posts\/11808","targetHints":{"allow":["GET"]}}],"collection":[{"href":"https:\/\/jjcardinal.ca\/en\/wp-json\/wp\/v2\/posts"}],"about":[{"href":"https:\/\/jjcardinal.ca\/en\/wp-json\/wp\/v2\/types\/post"}],"author":[{"embeddable":true,"href":"https:\/\/jjcardinal.ca\/en\/wp-json\/wp\/v2\/users\/7"}],"replies":[{"embeddable":true,"href":"https:\/\/jjcardinal.ca\/en\/wp-json\/wp\/v2\/comments?post=11808"}],"version-history":[{"count":0,"href":"https:\/\/jjcardinal.ca\/en\/wp-json\/wp\/v2\/posts\/11808\/revisions"}],"wp:featuredmedia":[{"embeddable":true,"href":"https:\/\/jjcardinal.ca\/en\/wp-json\/wp\/v2\/media\/11514"}],"wp:attachment":[{"href":"https:\/\/jjcardinal.ca\/en\/wp-json\/wp\/v2\/media?parent=11808"}],"wp:term":[{"taxonomy":"category","embeddable":true,"href":"https:\/\/jjcardinal.ca\/en\/wp-json\/wp\/v2\/categories?post=11808"},{"taxonomy":"post_tag","embeddable":true,"href":"https:\/\/jjcardinal.ca\/en\/wp-json\/wp\/v2\/tags?post=11808"}],"curies":[{"name":"wp","href":"https:\/\/api.w.org\/{rel}","templated":true}]}}