{"id":11991,"date":"2020-03-27T22:50:10","date_gmt":"2020-03-28T02:50:10","guid":{"rendered":"http:\/\/www.jjcardinal.ca\/mme-huguette-roy-pominville\/"},"modified":"2020-04-02T17:08:11","modified_gmt":"2020-04-02T21:08:11","slug":"mme-huguette-roy-pominville","status":"publish","type":"post","link":"https:\/\/jjcardinal.ca\/en\/mme-huguette-roy-pominville\/","title":{"rendered":"Mme Huguette Roy Pominville"},"content":{"rendered":"<p><strong>D\u00e9c\u00e9d\u00e9e\u00a0le\u00a017 mars 2020\u00a0 \u00e0 l&#8217;\u00e2ge de\u00a085 ans<\/strong><\/p>\n<hr \/>\n<section class=\"col-md-8 content-avis-deces\">\n<div class=\"texte\">\n<p>Le 17 mars 2020, est d\u00e9c\u00e9d\u00e9 Huguette Roy, \u00e9pouse de feu Roland Pominville \u00e0 l\u2019\u00e2ge de 85 ans.<\/p>\n<p>Elle laisse dans le deuil ses enfants Nicole (Claude), Richard, Pierrette, Sylvain et Lyne (Guy), ses petits-enfants C\u00e9dric, Michel, Benoit, Pascal, Nicolas, Gabriel, Maxime, Samuel, Manuel et ses arri\u00e8res petits- enfants ainsi que parents et amis.<\/p>\n<p>Suivant les volont\u00e9s de Huguette, les fun\u00e9railles auront lieu en priv\u00e9.<\/p>\n<\/div>\n<div class=\"spacing-top-40px\">\n<h3>R\u00c9SIDENCE FUN\u00c9RAIRE J.J. CARDINAL<\/h3>\n<p>2125, rue Notre-Dame, Lachine (Qu\u00e9bec)\u00a0\u00a0H8S 2G5<\/p>\n<p>T\u00e9l. :\u00a0514-639-1511\u00a0|\u00a0T\u00e9l\u00e9c. :\u00a0514-639-1516\u00a0|\u00a0Courriel :\u00a0<a href=\"mailto:info@jjcardinal.ca\">info@jjcardinal.ca<\/a><\/p>\n<p class=\"links\"><a href=\"https:\/\/goo.gl\/maps\/6TF2f\" target=\"_blank\" rel=\"noopener noreferrer\">Indications routi\u00e8res<\/a>\u00a0|\u00a0<a href=\"http:\/\/www.meteomedia.com\/weather\/caqc0281\" target=\"_blank\" rel=\"noopener noreferrer\">Pr\u00e9visions m\u00e9t\u00e9orologiques<\/a><\/p>\n<\/div>\n<\/section>\n","protected":false},"excerpt":{"rendered":"<p>D\u00e9c\u00e9d\u00e9e\u00a0le\u00a017 mars 2020\u00a0 \u00e0 l&#8217;\u00e2ge de\u00a085 ans Le 17 mars 2020, est d\u00e9c\u00e9d\u00e9 Huguette Roy, \u00e9pouse de feu Roland Pominville \u00e0 l\u2019\u00e2ge de 85 ans. Elle laisse dans le deuil ses enfants Nicole (Claude), Richard, Pierrette, Sylvain et Lyne (Guy), ses petits-enfants C\u00e9dric, Michel, Benoit, Pascal, Nicolas, Gabriel, Maxime, Samuel, Manuel et ses arri\u00e8res petits- [&hellip;]<\/p>\n","protected":false},"author":7,"featured_media":11203,"comment_status":"open","ping_status":"open","sticky":false,"template":"","format":"standard","meta":{"_seopress_robots_primary_cat":"","_seopress_titles_title":"","_seopress_titles_desc":"","_seopress_robots_index":"","footnotes":""},"categories":[68],"tags":[],"class_list":["post-11991","post","type-post","status-publish","format-standard","has-post-thumbnail","hentry","category-obituaries"],"_links":{"self":[{"href":"https:\/\/jjcardinal.ca\/en\/wp-json\/wp\/v2\/posts\/11991","targetHints":{"allow":["GET"]}}],"collection":[{"href":"https:\/\/jjcardinal.ca\/en\/wp-json\/wp\/v2\/posts"}],"about":[{"href":"https:\/\/jjcardinal.ca\/en\/wp-json\/wp\/v2\/types\/post"}],"author":[{"embeddable":true,"href":"https:\/\/jjcardinal.ca\/en\/wp-json\/wp\/v2\/users\/7"}],"replies":[{"embeddable":true,"href":"https:\/\/jjcardinal.ca\/en\/wp-json\/wp\/v2\/comments?post=11991"}],"version-history":[{"count":0,"href":"https:\/\/jjcardinal.ca\/en\/wp-json\/wp\/v2\/posts\/11991\/revisions"}],"wp:featuredmedia":[{"embeddable":true,"href":"https:\/\/jjcardinal.ca\/en\/wp-json\/wp\/v2\/media\/11203"}],"wp:attachment":[{"href":"https:\/\/jjcardinal.ca\/en\/wp-json\/wp\/v2\/media?parent=11991"}],"wp:term":[{"taxonomy":"category","embeddable":true,"href":"https:\/\/jjcardinal.ca\/en\/wp-json\/wp\/v2\/categories?post=11991"},{"taxonomy":"post_tag","embeddable":true,"href":"https:\/\/jjcardinal.ca\/en\/wp-json\/wp\/v2\/tags?post=11991"}],"curies":[{"name":"wp","href":"https:\/\/api.w.org\/{rel}","templated":true}]}}