{"id":12730,"date":"2020-09-10T17:02:28","date_gmt":"2020-09-10T21:02:28","guid":{"rendered":"https:\/\/jjcardinal.ca\/m-jacques-baillargeon\/"},"modified":"2020-09-11T19:59:34","modified_gmt":"2020-09-11T23:59:34","slug":"m-jacques-baillargeon","status":"publish","type":"post","link":"https:\/\/jjcardinal.ca\/en\/m-jacques-baillargeon\/","title":{"rendered":"Mr. Jacques Baillargeon"},"content":{"rendered":"<p>1932-2020<\/p>\n<hr \/>\n<p>Le 29 avril 2020 \u00e0 l\u2019\u00e2ge de 87 ans, est d\u00e9c\u00e9d\u00e9 Monsieur Jacques Baillargeon, \u00e9poux de feu Gis\u00e8le Baillargeon (Carmoni).<\/p>\n<p>Il laisse dans le deuil ses enfants Diane (Michel), Ginette (Daniel), Michel (Ren\u00e9e) et Louise (Benoit), ses huit petits-enfants et trois arri\u00e8re-petits-enfants.\u00a0 De plus, il laisse son fr\u00e8re Serge (Manon), sa s\u0153ur Monique ainsi que de nombreux parents et amis.<\/p>\n<p>L\u2019inhumation de l\u2019urne aura lieu en toute intimit\u00e9 au Cimeti\u00e8re Lachine, le 9 octobre 2020.<\/p>\n<p>&nbsp;<\/p>\n<p>&nbsp;<\/p>\n<p>&nbsp;<\/p>\n<p><strong>R\u00c9SIDENCE FUN\u00c9RAIRE J.J. CARDINAL FUNERAL HOME<\/strong><\/p>\n<p>2125, rue Notre-Dame, Lachine (Qu\u00e9bec)\u00a0\u00a0H8S 2G5<\/p>\n<p>T\u00e9l. :\u00a0514-639-1511\u00a0|\u00a0T\u00e9l\u00e9c. :\u00a0514-639-1516\u00a0|\u00a0Courriel :\u00a0<a title=\"info@jjcardinal.ca\" href=\"mailto:info@jjcardinal.ca\">info@jjcardinal.ca<\/a><\/p>\n<p><a title=\"Indications routi\u00e8res\" href=\"https:\/\/goo.gl\/maps\/6TF2f\">Indications routi\u00e8res<\/a>\u00a0|\u00a0<a title=\"Driving Directions\" href=\"https:\/\/www.google.ca\/maps\/place\/2125+Rue+Notre+Dame,+Lachine,+QC+H8S+2G5\/@45.4345984,-73.6860437,17z\/data=!3m1!4b1!4m5!3m4!1s0x4cc91692e9fec1e5:0x1fc08493479c9f78!8m2!3d45.4345984!4d-73.683855?hl=en\">Driving Directions<\/a><\/p>\n<p><a title=\"Pr\u00e9visions m\u00e9t\u00e9orologiques\" href=\"http:\/\/www.meteomedia.com\/weather\/caqc0281\">Pr\u00e9visions m\u00e9t\u00e9orologiques<\/a>\u00a0|\u00a0<a title=\"The Weather Network\" href=\"https:\/\/www.theweathernetwork.com\/ca\">The Weather Network<\/a><\/p>\n","protected":false},"excerpt":{"rendered":"<p>1932-2020 Le 29 avril 2020 \u00e0 l\u2019\u00e2ge de 87 ans, est d\u00e9c\u00e9d\u00e9 Monsieur Jacques Baillargeon, \u00e9poux de feu Gis\u00e8le Baillargeon (Carmoni). Il laisse dans le deuil ses enfants Diane (Michel), Ginette (Daniel), Michel (Ren\u00e9e) et Louise (Benoit), ses huit petits-enfants et trois arri\u00e8re-petits-enfants.\u00a0 De plus, il laisse son fr\u00e8re Serge (Manon), sa s\u0153ur Monique ainsi [&hellip;]<\/p>\n","protected":false},"author":7,"featured_media":12726,"comment_status":"open","ping_status":"open","sticky":false,"template":"","format":"standard","meta":{"_seopress_robots_primary_cat":"","_seopress_titles_title":"","_seopress_titles_desc":"","_seopress_robots_index":"","footnotes":""},"categories":[68],"tags":[],"class_list":["post-12730","post","type-post","status-publish","format-standard","has-post-thumbnail","hentry","category-obituaries"],"_links":{"self":[{"href":"https:\/\/jjcardinal.ca\/en\/wp-json\/wp\/v2\/posts\/12730","targetHints":{"allow":["GET"]}}],"collection":[{"href":"https:\/\/jjcardinal.ca\/en\/wp-json\/wp\/v2\/posts"}],"about":[{"href":"https:\/\/jjcardinal.ca\/en\/wp-json\/wp\/v2\/types\/post"}],"author":[{"embeddable":true,"href":"https:\/\/jjcardinal.ca\/en\/wp-json\/wp\/v2\/users\/7"}],"replies":[{"embeddable":true,"href":"https:\/\/jjcardinal.ca\/en\/wp-json\/wp\/v2\/comments?post=12730"}],"version-history":[{"count":2,"href":"https:\/\/jjcardinal.ca\/en\/wp-json\/wp\/v2\/posts\/12730\/revisions"}],"predecessor-version":[{"id":17889,"href":"https:\/\/jjcardinal.ca\/en\/wp-json\/wp\/v2\/posts\/12730\/revisions\/17889"}],"wp:featuredmedia":[{"embeddable":true,"href":"https:\/\/jjcardinal.ca\/en\/wp-json\/wp\/v2\/media\/12726"}],"wp:attachment":[{"href":"https:\/\/jjcardinal.ca\/en\/wp-json\/wp\/v2\/media?parent=12730"}],"wp:term":[{"taxonomy":"category","embeddable":true,"href":"https:\/\/jjcardinal.ca\/en\/wp-json\/wp\/v2\/categories?post=12730"},{"taxonomy":"post_tag","embeddable":true,"href":"https:\/\/jjcardinal.ca\/en\/wp-json\/wp\/v2\/tags?post=12730"}],"curies":[{"name":"wp","href":"https:\/\/api.w.org\/{rel}","templated":true}]}}