{"id":12941,"date":"2020-05-22T17:44:50","date_gmt":"2020-05-22T21:44:50","guid":{"rendered":"https:\/\/jjcardinal.ca\/mme-lucette-michelis-bradet\/"},"modified":"2020-05-23T13:36:11","modified_gmt":"2020-05-23T17:36:11","slug":"mme-lucette-michelis-bradet","status":"publish","type":"post","link":"https:\/\/jjcardinal.ca\/en\/mme-lucette-michelis-bradet\/","title":{"rendered":"Mrs. Lucette Michelis Bradet"},"content":{"rendered":"<p>mars 1942 \u00e0 mai 2020<\/p>\n<hr \/>\n<p>C\u2019est \u00a0avec \u00e9moi que nous vous annon\u00e7ons le d\u00e9c\u00e8s de Lucette Michelis Bradet, soit le 10 mai journ\u00e9e de la f\u00eate des m\u00e8res. Fille de feu Louis Michelis et de feu Th\u00e9r\u00e8se Secchi. Elle a rejoint tous ceux qu\u2019elle aimait dont son fils Jean-Luc, ses parents, tantes, oncles, et autres membres de la famille.<\/p>\n<p>Elle laisse dans le deuil son mari Dorian Bradet, sa fille Sarah (Bruno Gr\u00e9goire) , son petit-fils Dimitri, son beau-fr\u00e8re Louison Bradet, ses s\u0153urs, Annie Spinelli (Jeannot), Brigitte \u00a0Michelis (Jean-Louis), neveux, ni\u00e8ces, cousins et cousines de France, autres membres de la famille, \u00a0ami(e)s et connaissances.<\/p>\n<p>Son ascension au ciel r\u00e9conforte nos maux et nous permet de suivre notre chemin comme elle nous l\u2019a d\u00e9montr\u00e9 tout au long de sa vie. Femme de c\u0153ur, de convictions, de d\u00e9vouement, elle a toujours su garder la t\u00eate haute malgr\u00e9 les al\u00e9as de sa vie. Elle \u00a0laisse une trace \u00e0 tout jamais pour tous ceux qui l\u2019on c\u00f4toy\u00e9 de pr\u00e8s ou de loin.<\/p>\n<p>Vu les circonstances de la covid19, nous ne ferons pas de c\u00e9r\u00e9monie ici au Qu\u00e9bec. N\u00e9anmoins, nous vous serions reconnaissants de faire soit un don \u00e0 la soci\u00e9t\u00e9 de la maladie d\u2019Alzheimer ou encore de payer des pri\u00e8res en son nom. Une c\u00e9r\u00e9monie sera c\u00e9l\u00e9br\u00e9e \u00e0 Saint-Martin du Var (alpes maritimes, France) en juin.<\/p>\n<p>Nous tenons \u00e0 remercier les membres du CHSLD de Bayview pour leur support et les soins prodigu\u00e9s.<\/p>\n<p>&nbsp;<\/p>\n<p>&nbsp;<\/p>\n<p><strong>R\u00c9SIDENCE FUN\u00c9RAIRE J.J. CARDINAL FUNERAL HOME<\/strong><\/p>\n<p>560 ch. Bord du Lac, Dorval (Qu\u00e9bec)\u00a0\u00a0H9S 2B3<\/p>\n<p>T\u00e9l. : 514-631-1511 | T\u00e9l\u00e9c. : 514-631-1516 | Courriel :\u00a0<a title=\"info@jjcardinal.ca\" href=\"mailto:info@jjcardinal.ca\">info@jjcardinal.ca<\/a><\/p>\n<p><a title=\"Indications routi\u00e8res\" href=\"https:\/\/goo.gl\/maps\/6TF2f\">Indications routi\u00e8res<\/a>\u00a0|\u00a0<a title=\"Driving Directions\" href=\"https:\/\/www.google.ca\/maps\/place\/2125+Rue+Notre+Dame,+Lachine,+QC+H8S+2G5\/@45.4345984,-73.6860437,17z\/data=!3m1!4b1!4m5!3m4!1s0x4cc91692e9fec1e5:0x1fc08493479c9f78!8m2!3d45.4345984!4d-73.683855?hl=en\">Driving Directions<\/a><\/p>\n<p><a title=\"Pr\u00e9visions m\u00e9t\u00e9orologiques\" href=\"http:\/\/www.meteomedia.com\/weather\/caqc0281\">Pr\u00e9visions m\u00e9t\u00e9orologiques<\/a>\u00a0|\u00a0<a title=\"The Weather Network\" href=\"https:\/\/www.theweathernetwork.com\/ca\">The Weather Network<\/a><\/p>\n","protected":false},"excerpt":{"rendered":"<p>mars 1942 \u00e0 mai 2020 C\u2019est \u00a0avec \u00e9moi que nous vous annon\u00e7ons le d\u00e9c\u00e8s de Lucette Michelis Bradet, soit le 10 mai journ\u00e9e de la f\u00eate des m\u00e8res. Fille de feu Louis Michelis et de feu Th\u00e9r\u00e8se Secchi. Elle a rejoint tous ceux qu\u2019elle aimait dont son fils Jean-Luc, ses parents, tantes, oncles, et autres [&hellip;]<\/p>\n","protected":false},"author":7,"featured_media":12955,"comment_status":"open","ping_status":"open","sticky":false,"template":"","format":"standard","meta":{"_seopress_robots_primary_cat":"","_seopress_titles_title":"","_seopress_titles_desc":"","_seopress_robots_index":"","footnotes":""},"categories":[68],"tags":[],"class_list":["post-12941","post","type-post","status-publish","format-standard","has-post-thumbnail","hentry","category-obituaries"],"_links":{"self":[{"href":"https:\/\/jjcardinal.ca\/en\/wp-json\/wp\/v2\/posts\/12941","targetHints":{"allow":["GET"]}}],"collection":[{"href":"https:\/\/jjcardinal.ca\/en\/wp-json\/wp\/v2\/posts"}],"about":[{"href":"https:\/\/jjcardinal.ca\/en\/wp-json\/wp\/v2\/types\/post"}],"author":[{"embeddable":true,"href":"https:\/\/jjcardinal.ca\/en\/wp-json\/wp\/v2\/users\/7"}],"replies":[{"embeddable":true,"href":"https:\/\/jjcardinal.ca\/en\/wp-json\/wp\/v2\/comments?post=12941"}],"version-history":[{"count":4,"href":"https:\/\/jjcardinal.ca\/en\/wp-json\/wp\/v2\/posts\/12941\/revisions"}],"predecessor-version":[{"id":12958,"href":"https:\/\/jjcardinal.ca\/en\/wp-json\/wp\/v2\/posts\/12941\/revisions\/12958"}],"wp:featuredmedia":[{"embeddable":true,"href":"https:\/\/jjcardinal.ca\/en\/wp-json\/wp\/v2\/media\/12955"}],"wp:attachment":[{"href":"https:\/\/jjcardinal.ca\/en\/wp-json\/wp\/v2\/media?parent=12941"}],"wp:term":[{"taxonomy":"category","embeddable":true,"href":"https:\/\/jjcardinal.ca\/en\/wp-json\/wp\/v2\/categories?post=12941"},{"taxonomy":"post_tag","embeddable":true,"href":"https:\/\/jjcardinal.ca\/en\/wp-json\/wp\/v2\/tags?post=12941"}],"curies":[{"name":"wp","href":"https:\/\/api.w.org\/{rel}","templated":true}]}}