{"id":12984,"date":"2020-05-26T15:26:23","date_gmt":"2020-05-26T19:26:23","guid":{"rendered":"https:\/\/jjcardinal.ca\/m-jean-claude-foucault\/"},"modified":"2020-05-26T15:28:56","modified_gmt":"2020-05-26T19:28:56","slug":"m-jean-claude-foucault","status":"publish","type":"post","link":"https:\/\/jjcardinal.ca\/en\/m-jean-claude-foucault\/","title":{"rendered":"Mr. Jean-Claude Foucault"},"content":{"rendered":"<p><em>1940 &#8211; 2020<\/em><\/p>\n<hr \/>\n<p><em>C\u2019est avec grande tristesse et regret que nous annon\u00e7ons le d\u00e9c\u00e8s de M. Jean-Claude Foucault, survenu au centre hospitalier CUSM le 24 mai 2020 \u00e0 l\u2019\u00e2ge de 79 ans. Il a combattu son cancer avec un courage exemplaire jusqu\u2019\u00e0 la fin.<\/em><\/p>\n<p><em>Il laisse dans le deuil son \u00e9pouse Pierrette Meloche, ses deux filles Linda (Francis) et Sylvie (St\u00e9phane), sa petite-fille Laur\u00e9-Anne (Steeven), ses petits-fils Jonathan (Marie-France), Mika\u00ebl (Sarah) et William, ses fr\u00e8res Michel (Denise) et Robert, belles-s\u0153urs, beaux-fr\u00e8res, neveux, ni\u00e8ces, cousins et cousines, parents et amis.<\/em><\/p>\n<p><em>La famille tient \u00e0 remercier chaleureusement tout le personnel du CUSM, l\u2019\u00e9quipe d\u2019oncologie ainsi que l\u2019\u00e9quipe du palliatif pour leur d\u00e9vouement et leurs bons soins prodigu\u00e9s.<\/em><\/p>\n<p><em>D\u00fb \u00e0 la situation actuelle, la famille se recueillera en toute intimit\u00e9.<\/em><\/p>\n<p>&nbsp;<\/p>\n<p><strong><em>Cher papa,\u00a0<\/em><\/strong><\/p>\n<p><strong><em>Merci pour tout ce que tu as fait pour nous, merci pour ton amour, ta joie de vivre, ta pers\u00e9v\u00e9rance et ton positivisme! Tu seras dans notre m\u00e9moire et nos c\u0153urs \u00e0 tout jamais! Repose en paix et veille sur chacun de nous!<\/em><\/strong><\/p>\n<p>&nbsp;<\/p>\n<p><em>Vos t\u00e9moignages de sympathie peuvent se traduire par un don \u00e0 la <a href=\"https:\/\/www.cedars.ca\/en\/how-to-help\/donations\">Fondation du Cancer des C\u00e8dres<\/a>.<\/em><\/p>\n<p>&nbsp;<\/p>\n<p>&nbsp;<\/p>\n<p><strong>R\u00c9SIDENCE FUN\u00c9RAIRE J.J. CARDINAL FUNERAL HOME<\/strong><\/p>\n<p>2125, rue Notre-Dame, Lachine (Qu\u00e9bec)\u00a0\u00a0H8S 2G5<\/p>\n<p>T\u00e9l. :\u00a0514-639-1511\u00a0|\u00a0T\u00e9l\u00e9c. :\u00a0514-639-1516\u00a0|\u00a0Courriel :\u00a0<a title=\"info@jjcardinal.ca\" href=\"mailto:info@jjcardinal.ca\">info@jjcardinal.ca<\/a><\/p>\n<p><a title=\"Indications routi\u00e8res\" href=\"https:\/\/goo.gl\/maps\/6TF2f\">Indications routi\u00e8res<\/a>\u00a0|\u00a0<a title=\"Driving Directions\" href=\"https:\/\/www.google.ca\/maps\/place\/2125+Rue+Notre+Dame,+Lachine,+QC+H8S+2G5\/@45.4345984,-73.6860437,17z\/data=!3m1!4b1!4m5!3m4!1s0x4cc91692e9fec1e5:0x1fc08493479c9f78!8m2!3d45.4345984!4d-73.683855?hl=en\">Driving Directions<\/a><\/p>\n<p><a title=\"Pr\u00e9visions m\u00e9t\u00e9orologiques\" href=\"http:\/\/www.meteomedia.com\/weather\/caqc0281\">Pr\u00e9visions m\u00e9t\u00e9orologiques<\/a>\u00a0|\u00a0<a title=\"The Weather Network\" href=\"https:\/\/www.theweathernetwork.com\/ca\">The Weather Network<\/a><\/p>\n","protected":false},"excerpt":{"rendered":"<p>1940 &#8211; 2020 C\u2019est avec grande tristesse et regret que nous annon\u00e7ons le d\u00e9c\u00e8s de M. Jean-Claude Foucault, survenu au centre hospitalier CUSM le 24 mai 2020 \u00e0 l\u2019\u00e2ge de 79 ans. Il a combattu son cancer avec un courage exemplaire jusqu\u2019\u00e0 la fin. Il laisse dans le deuil son \u00e9pouse Pierrette Meloche, ses deux [&hellip;]<\/p>\n","protected":false},"author":7,"featured_media":12980,"comment_status":"open","ping_status":"open","sticky":false,"template":"","format":"standard","meta":{"_seopress_robots_primary_cat":"","_seopress_titles_title":"","_seopress_titles_desc":"","_seopress_robots_index":"","footnotes":""},"categories":[68],"tags":[],"class_list":["post-12984","post","type-post","status-publish","format-standard","has-post-thumbnail","hentry","category-obituaries"],"_links":{"self":[{"href":"https:\/\/jjcardinal.ca\/en\/wp-json\/wp\/v2\/posts\/12984","targetHints":{"allow":["GET"]}}],"collection":[{"href":"https:\/\/jjcardinal.ca\/en\/wp-json\/wp\/v2\/posts"}],"about":[{"href":"https:\/\/jjcardinal.ca\/en\/wp-json\/wp\/v2\/types\/post"}],"author":[{"embeddable":true,"href":"https:\/\/jjcardinal.ca\/en\/wp-json\/wp\/v2\/users\/7"}],"replies":[{"embeddable":true,"href":"https:\/\/jjcardinal.ca\/en\/wp-json\/wp\/v2\/comments?post=12984"}],"version-history":[{"count":2,"href":"https:\/\/jjcardinal.ca\/en\/wp-json\/wp\/v2\/posts\/12984\/revisions"}],"predecessor-version":[{"id":12986,"href":"https:\/\/jjcardinal.ca\/en\/wp-json\/wp\/v2\/posts\/12984\/revisions\/12986"}],"wp:featuredmedia":[{"embeddable":true,"href":"https:\/\/jjcardinal.ca\/en\/wp-json\/wp\/v2\/media\/12980"}],"wp:attachment":[{"href":"https:\/\/jjcardinal.ca\/en\/wp-json\/wp\/v2\/media?parent=12984"}],"wp:term":[{"taxonomy":"category","embeddable":true,"href":"https:\/\/jjcardinal.ca\/en\/wp-json\/wp\/v2\/categories?post=12984"},{"taxonomy":"post_tag","embeddable":true,"href":"https:\/\/jjcardinal.ca\/en\/wp-json\/wp\/v2\/tags?post=12984"}],"curies":[{"name":"wp","href":"https:\/\/api.w.org\/{rel}","templated":true}]}}