{"id":13361,"date":"2020-07-24T18:59:16","date_gmt":"2020-07-24T22:59:16","guid":{"rendered":"https:\/\/jjcardinal.ca\/m-pierre-tremblay-2\/"},"modified":"2020-07-24T18:59:56","modified_gmt":"2020-07-24T22:59:56","slug":"m-pierre-tremblay-2","status":"publish","type":"post","link":"https:\/\/jjcardinal.ca\/en\/m-pierre-tremblay-2\/","title":{"rendered":"Mr. Pierre Tremblay"},"content":{"rendered":"<p>1955 &#8211; 2020<\/p>\n<hr \/>\n<p>\u00c0 Lachine, le 23 juillet 2020 est d\u00e9c\u00e9d\u00e9 Pierre Tremblay, conjoint de Linda B\u00e9langer, \u00e0 l\u2019\u00e2ge de 64 ans.<\/p>\n<p>Outre son \u00e9pouse, il laisse son fils Marcel (Vanessa), ses petits fils Maverik et Mayson, sa m\u00e8re Marie-Claire, ses fr\u00e8res Claude et Denis, sa s\u0153ur Lucie ainsi que sa belle-m\u00e8re Catherine, plusieurs parents et amis.<\/p>\n<p>La famille recevra les condol\u00e9ances Dimanche \u00e0 compter de 14h \u00e0 15h. Une c\u00e9r\u00e9monie sur invitation suivra en la chapelle de la R\u00e9sidence fun\u00e9raire J.J. Cardinal.<\/p>\n<p>&nbsp;<\/p>\n<p>&nbsp;<\/p>\n<p>&nbsp;<\/p>\n<h3>R\u00c9SIDENCE FUN\u00c9RAIRE J.J. CARDINAL<\/h3>\n<p>2125, rue Notre-Dame, Lachine (Qu\u00e9bec)\u00a0\u00a0H8S 2G5<\/p>\n<p>T\u00e9l. :\u00a0514-639-1511\u00a0|\u00a0T\u00e9l\u00e9c. :\u00a0514-639-1516\u00a0|\u00a0Courriel :\u00a0<a title=\"info@jjcardinal.ca\" href=\"mailto:info@jjcardinal.ca\">info@jjcardinal.ca<\/a><\/p>\n<p class=\"links\"><a title=\"Indications routi\u00e8res\" href=\"https:\/\/goo.gl\/maps\/6TF2f\" target=\"_blank\" rel=\"noopener noreferrer\">Indications routi\u00e8res<\/a>\u00a0|\u00a0<a title=\"Pr\u00e9visions m\u00e9t\u00e9orologiques\" href=\"http:\/\/www.meteomedia.com\/weather\/caqc0281\" target=\"_blank\" rel=\"noopener noreferrer\">Pr\u00e9visions m\u00e9t\u00e9orologiques<\/a><\/p>\n<p>&nbsp;<\/p>\n","protected":false},"excerpt":{"rendered":"<p>1955 &#8211; 2020 \u00c0 Lachine, le 23 juillet 2020 est d\u00e9c\u00e9d\u00e9 Pierre Tremblay, conjoint de Linda B\u00e9langer, \u00e0 l\u2019\u00e2ge de 64 ans. Outre son \u00e9pouse, il laisse son fils Marcel (Vanessa), ses petits fils Maverik et Mayson, sa m\u00e8re Marie-Claire, ses fr\u00e8res Claude et Denis, sa s\u0153ur Lucie ainsi que sa belle-m\u00e8re Catherine, plusieurs parents [&hellip;]<\/p>\n","protected":false},"author":7,"featured_media":13357,"comment_status":"open","ping_status":"open","sticky":false,"template":"","format":"standard","meta":{"_seopress_robots_primary_cat":"","_seopress_titles_title":"","_seopress_titles_desc":"","_seopress_robots_index":"","footnotes":""},"categories":[68],"tags":[],"class_list":["post-13361","post","type-post","status-publish","format-standard","has-post-thumbnail","hentry","category-obituaries"],"_links":{"self":[{"href":"https:\/\/jjcardinal.ca\/en\/wp-json\/wp\/v2\/posts\/13361","targetHints":{"allow":["GET"]}}],"collection":[{"href":"https:\/\/jjcardinal.ca\/en\/wp-json\/wp\/v2\/posts"}],"about":[{"href":"https:\/\/jjcardinal.ca\/en\/wp-json\/wp\/v2\/types\/post"}],"author":[{"embeddable":true,"href":"https:\/\/jjcardinal.ca\/en\/wp-json\/wp\/v2\/users\/7"}],"replies":[{"embeddable":true,"href":"https:\/\/jjcardinal.ca\/en\/wp-json\/wp\/v2\/comments?post=13361"}],"version-history":[{"count":1,"href":"https:\/\/jjcardinal.ca\/en\/wp-json\/wp\/v2\/posts\/13361\/revisions"}],"predecessor-version":[{"id":13362,"href":"https:\/\/jjcardinal.ca\/en\/wp-json\/wp\/v2\/posts\/13361\/revisions\/13362"}],"wp:featuredmedia":[{"embeddable":true,"href":"https:\/\/jjcardinal.ca\/en\/wp-json\/wp\/v2\/media\/13357"}],"wp:attachment":[{"href":"https:\/\/jjcardinal.ca\/en\/wp-json\/wp\/v2\/media?parent=13361"}],"wp:term":[{"taxonomy":"category","embeddable":true,"href":"https:\/\/jjcardinal.ca\/en\/wp-json\/wp\/v2\/categories?post=13361"},{"taxonomy":"post_tag","embeddable":true,"href":"https:\/\/jjcardinal.ca\/en\/wp-json\/wp\/v2\/tags?post=13361"}],"curies":[{"name":"wp","href":"https:\/\/api.w.org\/{rel}","templated":true}]}}