{"id":18077,"date":"2020-09-30T18:21:32","date_gmt":"2020-09-30T22:21:32","guid":{"rendered":"https:\/\/jjcardinal.ca\/mme-lucile-trudeau-nee-lecavalier\/"},"modified":"2020-09-30T18:24:27","modified_gmt":"2020-09-30T22:24:27","slug":"mme-lucile-trudeau-nee-lecavalier","status":"publish","type":"post","link":"https:\/\/jjcardinal.ca\/en\/mme-lucile-trudeau-nee-lecavalier\/","title":{"rendered":"Mrs. Lucile Trudeau n\u00e9e Lecavalier"},"content":{"rendered":"<p>Le 26 septembre 2020, \u00e0 l\u2019\u00e2ge de 94 ans est d\u00e9c\u00e9d\u00e9e Lucile Lecavalier. Elle est all\u00e9e rejoindre son \u00e9poux Ren\u00e9 Trudeau et ses fils Raymond et Daniel.<\/p>\n<p>Elle laisse dans le deuil son fils Robert (Louise), ses filles Suzanne (Yves) et Francine (Michel), ses petits-enfants St\u00e9phanie, Jonathan, Yannick, Audrey et Mathieu, ses arri\u00e8re-petits-enfants, sa s\u0153ur Gis\u00e8le (feu Bernard), ses beaux-fr\u00e8res et belles-s\u0153urs, ses neveux et ni\u00e8ces ainsi qu\u2019autres parents et amis.<\/p>\n<p>Selon sa volont\u00e9, aucune fun\u00e9railles ne seront c\u00e9l\u00e9br\u00e9es.<\/p>\n<p>&nbsp;<\/p>\n<p>&nbsp;<\/p>\n<p><strong>R\u00c9SIDENCE FUN\u00c9RAIRE J.J. CARDINAL FUNERAL HOME<\/strong><\/p>\n<p>2125, rue Notre-Dame, Lachine (Qu\u00e9bec)\u00a0\u00a0H8S 2G5<\/p>\n<p>T\u00e9l. :\u00a0514-639-1511\u00a0|\u00a0T\u00e9l\u00e9c. :\u00a0514-639-1516\u00a0|\u00a0Courriel :\u00a0<a title=\"info@jjcardinal.ca\" href=\"mailto:info@jjcardinal.ca\">info@jjcardinal.ca<\/a><\/p>\n<p><a title=\"Indications routi\u00e8res\" href=\"https:\/\/goo.gl\/maps\/6TF2f\">Indications routi\u00e8res<\/a>\u00a0|\u00a0<a title=\"Driving Directions\" href=\"https:\/\/www.google.ca\/maps\/place\/2125+Rue+Notre+Dame,+Lachine,+QC+H8S+2G5\/@45.4345984,-73.6860437,17z\/data=!3m1!4b1!4m5!3m4!1s0x4cc91692e9fec1e5:0x1fc08493479c9f78!8m2!3d45.4345984!4d-73.683855?hl=en\">Driving Directions<\/a><\/p>\n<p><a title=\"Pr\u00e9visions m\u00e9t\u00e9orologiques\" href=\"http:\/\/www.meteomedia.com\/weather\/caqc0281\">Pr\u00e9visions m\u00e9t\u00e9orologiques<\/a>\u00a0|\u00a0<a title=\"The Weather Network\" href=\"https:\/\/www.theweathernetwork.com\/ca\">The Weather Network<\/a><\/p>\n","protected":false},"excerpt":{"rendered":"<p>Le 26 septembre 2020, \u00e0 l\u2019\u00e2ge de 94 ans est d\u00e9c\u00e9d\u00e9e Lucile Lecavalier. Elle est all\u00e9e rejoindre son \u00e9poux Ren\u00e9 Trudeau et ses fils Raymond et Daniel. Elle laisse dans le deuil son fils Robert (Louise), ses filles Suzanne (Yves) et Francine (Michel), ses petits-enfants St\u00e9phanie, Jonathan, Yannick, Audrey et Mathieu, ses arri\u00e8re-petits-enfants, sa s\u0153ur [&hellip;]<\/p>\n","protected":false},"author":7,"featured_media":18073,"comment_status":"open","ping_status":"open","sticky":false,"template":"","format":"standard","meta":{"_seopress_robots_primary_cat":"","_seopress_titles_title":"","_seopress_titles_desc":"","_seopress_robots_index":"","footnotes":""},"categories":[68],"tags":[],"class_list":["post-18077","post","type-post","status-publish","format-standard","has-post-thumbnail","hentry","category-obituaries"],"_links":{"self":[{"href":"https:\/\/jjcardinal.ca\/en\/wp-json\/wp\/v2\/posts\/18077","targetHints":{"allow":["GET"]}}],"collection":[{"href":"https:\/\/jjcardinal.ca\/en\/wp-json\/wp\/v2\/posts"}],"about":[{"href":"https:\/\/jjcardinal.ca\/en\/wp-json\/wp\/v2\/types\/post"}],"author":[{"embeddable":true,"href":"https:\/\/jjcardinal.ca\/en\/wp-json\/wp\/v2\/users\/7"}],"replies":[{"embeddable":true,"href":"https:\/\/jjcardinal.ca\/en\/wp-json\/wp\/v2\/comments?post=18077"}],"version-history":[{"count":1,"href":"https:\/\/jjcardinal.ca\/en\/wp-json\/wp\/v2\/posts\/18077\/revisions"}],"predecessor-version":[{"id":18078,"href":"https:\/\/jjcardinal.ca\/en\/wp-json\/wp\/v2\/posts\/18077\/revisions\/18078"}],"wp:featuredmedia":[{"embeddable":true,"href":"https:\/\/jjcardinal.ca\/en\/wp-json\/wp\/v2\/media\/18073"}],"wp:attachment":[{"href":"https:\/\/jjcardinal.ca\/en\/wp-json\/wp\/v2\/media?parent=18077"}],"wp:term":[{"taxonomy":"category","embeddable":true,"href":"https:\/\/jjcardinal.ca\/en\/wp-json\/wp\/v2\/categories?post=18077"},{"taxonomy":"post_tag","embeddable":true,"href":"https:\/\/jjcardinal.ca\/en\/wp-json\/wp\/v2\/tags?post=18077"}],"curies":[{"name":"wp","href":"https:\/\/api.w.org\/{rel}","templated":true}]}}