{"id":18282,"date":"2020-11-04T17:19:08","date_gmt":"2020-11-04T22:19:08","guid":{"rendered":"https:\/\/jjcardinal.ca\/mme-marie-antoinette-larrivee\/"},"modified":"2020-11-18T12:43:54","modified_gmt":"2020-11-18T17:43:54","slug":"mme-marie-antoinette-larrivee","status":"publish","type":"post","link":"https:\/\/jjcardinal.ca\/en\/mme-marie-antoinette-larrivee\/","title":{"rendered":"Mrs. Marie-Antoinette Larriv\u00e9e"},"content":{"rendered":"<p>1944-2020<\/p>\n<p>\u00c0 Montr\u00e9al, Le 2 novembre 2020 est d\u00e9c\u00e9d\u00e9e Madame Marie-Antoinette Larriv\u00e9e \u00e0\u00a0l\u2019\u00e2ge de 76 ans.<br \/>\nElle laisse dans le deuil ses enfants Ronald (Diane), St\u00e9phane (Brigitte),\u00a0son fr\u00e8re Am\u00e9d\u00e9e (Lise), ses s\u0153urs Lise (Jean-Pierre), Sylvie (Serge), ses petits-enfants, arri\u00e8re-petit-enfant, neveux, ni\u00e8ces et ses amis.<\/p>\n<p>La nouvelle politique du Minist\u00e8re de la Sant\u00e9 \u00e9mise le 17 novembre 2020, limite le nombre de personnes autoris\u00e9es pour des visites ou pour une c\u00e9r\u00e9monie fun\u00e9raire \u00e0 un\u00a0nombre maximal de 25 personnes.\u00a0Par cons\u00e9quent,\u00a0si des personnes quittent les visites ou la c\u00e9r\u00e9monie, elles ne peuvent pas \u00eatre remplac\u00e9es par un nombre \u00e9quivalent de personnes.<\/p>\n<p>&nbsp;<\/p>\n<p>Suite \u00e0 cette nouvelle directive, les fun\u00e9railles seront priv\u00e9es.<\/p>\n<p>&nbsp;<\/p>\n<p>&nbsp;<\/p>\n<p><strong>R\u00c9SIDENCE FUN\u00c9RAIRE J.J. CARDINAL FUNERAL HOME<\/strong><\/p>\n<p>2125, rue Notre-Dame, Lachine (Qu\u00e9bec)\u00a0\u00a0H8S 2G5<\/p>\n<p>T\u00e9l. :\u00a0514-639-1511\u00a0|\u00a0T\u00e9l\u00e9c. :\u00a0514-639-1516\u00a0|\u00a0Courriel :\u00a0<a title=\"info@jjcardinal.ca\" href=\"mailto:info@jjcardinal.ca\">info@jjcardinal.ca<\/a><\/p>\n<p><a title=\"Indications routi\u00e8res\" href=\"https:\/\/goo.gl\/maps\/6TF2f\">Indications routi\u00e8res<\/a>\u00a0|\u00a0<a title=\"Driving Directions\" href=\"https:\/\/www.google.ca\/maps\/place\/2125+Rue+Notre+Dame,+Lachine,+QC+H8S+2G5\/@45.4345984,-73.6860437,17z\/data=!3m1!4b1!4m5!3m4!1s0x4cc91692e9fec1e5:0x1fc08493479c9f78!8m2!3d45.4345984!4d-73.683855?hl=en\">Driving Directions<\/a><\/p>\n<p><a title=\"Pr\u00e9visions m\u00e9t\u00e9orologiques\" href=\"http:\/\/www.meteomedia.com\/weather\/caqc0281\">Pr\u00e9visions m\u00e9t\u00e9orologiques<\/a>\u00a0|\u00a0<a title=\"The Weather Network\" href=\"https:\/\/www.theweathernetwork.com\/ca\">The Weather Network<\/a><\/p>\n","protected":false},"excerpt":{"rendered":"<p>1944-2020 \u00c0 Montr\u00e9al, Le 2 novembre 2020 est d\u00e9c\u00e9d\u00e9e Madame Marie-Antoinette Larriv\u00e9e \u00e0\u00a0l\u2019\u00e2ge de 76 ans. Elle laisse dans le deuil ses enfants Ronald (Diane), St\u00e9phane (Brigitte),\u00a0son fr\u00e8re Am\u00e9d\u00e9e (Lise), ses s\u0153urs Lise (Jean-Pierre), Sylvie (Serge), ses petits-enfants, arri\u00e8re-petit-enfant, neveux, ni\u00e8ces et ses amis. La nouvelle politique du Minist\u00e8re de la Sant\u00e9 \u00e9mise le 17 [&hellip;]<\/p>\n","protected":false},"author":7,"featured_media":18276,"comment_status":"open","ping_status":"open","sticky":false,"template":"","format":"standard","meta":{"_seopress_robots_primary_cat":"","_seopress_titles_title":"","_seopress_titles_desc":"","_seopress_robots_index":"","footnotes":""},"categories":[68],"tags":[],"class_list":["post-18282","post","type-post","status-publish","format-standard","has-post-thumbnail","hentry","category-obituaries"],"_links":{"self":[{"href":"https:\/\/jjcardinal.ca\/en\/wp-json\/wp\/v2\/posts\/18282","targetHints":{"allow":["GET"]}}],"collection":[{"href":"https:\/\/jjcardinal.ca\/en\/wp-json\/wp\/v2\/posts"}],"about":[{"href":"https:\/\/jjcardinal.ca\/en\/wp-json\/wp\/v2\/types\/post"}],"author":[{"embeddable":true,"href":"https:\/\/jjcardinal.ca\/en\/wp-json\/wp\/v2\/users\/7"}],"replies":[{"embeddable":true,"href":"https:\/\/jjcardinal.ca\/en\/wp-json\/wp\/v2\/comments?post=18282"}],"version-history":[{"count":2,"href":"https:\/\/jjcardinal.ca\/en\/wp-json\/wp\/v2\/posts\/18282\/revisions"}],"predecessor-version":[{"id":18414,"href":"https:\/\/jjcardinal.ca\/en\/wp-json\/wp\/v2\/posts\/18282\/revisions\/18414"}],"wp:featuredmedia":[{"embeddable":true,"href":"https:\/\/jjcardinal.ca\/en\/wp-json\/wp\/v2\/media\/18276"}],"wp:attachment":[{"href":"https:\/\/jjcardinal.ca\/en\/wp-json\/wp\/v2\/media?parent=18282"}],"wp:term":[{"taxonomy":"category","embeddable":true,"href":"https:\/\/jjcardinal.ca\/en\/wp-json\/wp\/v2\/categories?post=18282"},{"taxonomy":"post_tag","embeddable":true,"href":"https:\/\/jjcardinal.ca\/en\/wp-json\/wp\/v2\/tags?post=18282"}],"curies":[{"name":"wp","href":"https:\/\/api.w.org\/{rel}","templated":true}]}}