{"id":18482,"date":"2020-12-02T18:52:33","date_gmt":"2020-12-02T23:52:33","guid":{"rendered":"https:\/\/jjcardinal.ca\/m-rene-fournier\/"},"modified":"2020-12-02T18:55:58","modified_gmt":"2020-12-02T23:55:58","slug":"m-rene-fournier","status":"publish","type":"post","link":"https:\/\/jjcardinal.ca\/en\/m-rene-fournier\/","title":{"rendered":"Mr. Ren\u00e9 Fournier"},"content":{"rendered":"<p>1942-2020<\/p>\n<p>Le 27 novembre 2020, \u00e0 l\u2019\u00e2ge de 78 ans est d\u00e9c\u00e9d\u00e9 Ren\u00e9 Fournier \u00e9poux de Michelle Fournier.<br \/>\nOutre son \u00e9pouse, il laisse dans le deuil ses filles France et Nancy, ses petits-enfants Jasmine, Audrey-\u00c8ve, Vanessa, M\u00e9t\u00e9or et Fabry, son fr\u00e8re et ses s\u0153urs, ses beaux-fr\u00e8res et belles-s\u0153urs, ses neveux et ni\u00e8ces ainsi que plusieurs parents et amis.<\/p>\n<p>Au lieu de fleurs, un don \u00e0 Soci\u00e9t\u00e9 Alzheimer de Qu\u00e9bec serait appr\u00e9ci\u00e9.<\/p>\n<p>En raison des circonstances actuelles, les visites et les fun\u00e9railles seront priv\u00e9es et sous invitation seulement.<\/p>\n<p>&nbsp;<\/p>\n<p>&nbsp;<\/p>\n<p><strong>R\u00c9SIDENCE FUN\u00c9RAIRE J.J. CARDINAL FUNERAL HOME<\/strong><\/p>\n<p>2125, rue Notre-Dame, Lachine (Qu\u00e9bec)\u00a0\u00a0H8S 2G5<\/p>\n<p>T\u00e9l. :\u00a0514-639-1511\u00a0|\u00a0T\u00e9l\u00e9c. :\u00a0514-639-1516\u00a0|\u00a0Courriel :\u00a0<a title=\"info@jjcardinal.ca\" href=\"mailto:info@jjcardinal.ca\">info@jjcardinal.ca<\/a><\/p>\n<p><a title=\"Indications routi\u00e8res\" href=\"https:\/\/goo.gl\/maps\/6TF2f\">Indications routi\u00e8res<\/a>\u00a0|\u00a0<a title=\"Driving Directions\" href=\"https:\/\/www.google.ca\/maps\/place\/2125+Rue+Notre+Dame,+Lachine,+QC+H8S+2G5\/@45.4345984,-73.6860437,17z\/data=!3m1!4b1!4m5!3m4!1s0x4cc91692e9fec1e5:0x1fc08493479c9f78!8m2!3d45.4345984!4d-73.683855?hl=en\">Driving Directions<\/a><\/p>\n<p><a title=\"Pr\u00e9visions m\u00e9t\u00e9orologiques\" href=\"http:\/\/www.meteomedia.com\/weather\/caqc0281\">Pr\u00e9visions m\u00e9t\u00e9orologiques<\/a>\u00a0|\u00a0<a title=\"The Weather Network\" href=\"https:\/\/www.theweathernetwork.com\/ca\">The Weather Network<\/a><\/p>\n","protected":false},"excerpt":{"rendered":"<p>1942-2020 Le 27 novembre 2020, \u00e0 l\u2019\u00e2ge de 78 ans est d\u00e9c\u00e9d\u00e9 Ren\u00e9 Fournier \u00e9poux de Michelle Fournier. Outre son \u00e9pouse, il laisse dans le deuil ses filles France et Nancy, ses petits-enfants Jasmine, Audrey-\u00c8ve, Vanessa, M\u00e9t\u00e9or et Fabry, son fr\u00e8re et ses s\u0153urs, ses beaux-fr\u00e8res et belles-s\u0153urs, ses neveux et ni\u00e8ces ainsi que plusieurs [&hellip;]<\/p>\n","protected":false},"author":7,"featured_media":18478,"comment_status":"open","ping_status":"open","sticky":false,"template":"","format":"standard","meta":{"_seopress_robots_primary_cat":"","_seopress_titles_title":"","_seopress_titles_desc":"","_seopress_robots_index":"","footnotes":""},"categories":[68],"tags":[],"class_list":["post-18482","post","type-post","status-publish","format-standard","has-post-thumbnail","hentry","category-obituaries"],"_links":{"self":[{"href":"https:\/\/jjcardinal.ca\/en\/wp-json\/wp\/v2\/posts\/18482","targetHints":{"allow":["GET"]}}],"collection":[{"href":"https:\/\/jjcardinal.ca\/en\/wp-json\/wp\/v2\/posts"}],"about":[{"href":"https:\/\/jjcardinal.ca\/en\/wp-json\/wp\/v2\/types\/post"}],"author":[{"embeddable":true,"href":"https:\/\/jjcardinal.ca\/en\/wp-json\/wp\/v2\/users\/7"}],"replies":[{"embeddable":true,"href":"https:\/\/jjcardinal.ca\/en\/wp-json\/wp\/v2\/comments?post=18482"}],"version-history":[{"count":3,"href":"https:\/\/jjcardinal.ca\/en\/wp-json\/wp\/v2\/posts\/18482\/revisions"}],"predecessor-version":[{"id":18485,"href":"https:\/\/jjcardinal.ca\/en\/wp-json\/wp\/v2\/posts\/18482\/revisions\/18485"}],"wp:featuredmedia":[{"embeddable":true,"href":"https:\/\/jjcardinal.ca\/en\/wp-json\/wp\/v2\/media\/18478"}],"wp:attachment":[{"href":"https:\/\/jjcardinal.ca\/en\/wp-json\/wp\/v2\/media?parent=18482"}],"wp:term":[{"taxonomy":"category","embeddable":true,"href":"https:\/\/jjcardinal.ca\/en\/wp-json\/wp\/v2\/categories?post=18482"},{"taxonomy":"post_tag","embeddable":true,"href":"https:\/\/jjcardinal.ca\/en\/wp-json\/wp\/v2\/tags?post=18482"}],"curies":[{"name":"wp","href":"https:\/\/api.w.org\/{rel}","templated":true}]}}