{"id":18503,"date":"2020-12-03T16:13:14","date_gmt":"2020-12-03T21:13:14","guid":{"rendered":"https:\/\/jjcardinal.ca\/mme-grace-mayor\/"},"modified":"2020-12-04T11:47:26","modified_gmt":"2020-12-04T16:47:26","slug":"mme-grace-mayor","status":"publish","type":"post","link":"https:\/\/jjcardinal.ca\/en\/mme-grace-mayor\/","title":{"rendered":"Mrs. Grace Mayor"},"content":{"rendered":"<p>1932-2020<\/p>\n<p>&nbsp;<\/p>\n<p>&nbsp;<\/p>\n<p>It is with profound sadness that we announce the passing of our loving mother Grace Mayor (Molnar) , at the age of 87 years on November 23rd, 2020<\/p>\n<p>&nbsp;<\/p>\n<p>She is survived by her beloved husband Eddy Mayor, her children Gerry (Debbie Mac Donald) and Richard (Belina Tolentino), her grandchildren Michelle Di Blasio (Mayor) and Ryan Mayor as well as several nephews, nieces, relatives and friends. She will be missed by all who knew her.<\/p>\n<p>&nbsp;<\/p>\n<p>Visitation will be on December 12th from 1 to 5 pm. Service in the Chapel will be held at 3:30pm.<\/p>\n<p>&nbsp;<\/p>\n<p>Since the pandemic situation only allow 25 people, visitation and the funeral ceremony will be by invitation only.<\/p>\n<p>&nbsp;<\/p>\n<p>Flowers may be sent to the following address:<\/p>\n<p><strong>R\u00c9SIDENCE FUN\u00c9RAIRE J.J. CARDINAL FUNERAL HOME<\/strong><\/p>\n<p>560 ch. Bord du Lac, Dorval (Qu\u00e9bec)\u00a0\u00a0H9S 2B3<\/p>\n<p>T\u00e9l. : 514-631-1511 | T\u00e9l\u00e9c. : 514-631-1516 | Courriel :\u00a0<a title=\"info@jjcardinal.ca\" href=\"mailto:info@jjcardinal.ca\">info@jjcardinal.ca<\/a><\/p>\n<p><a title=\"Indications routi\u00e8res\" href=\"https:\/\/goo.gl\/maps\/6TF2f\">Indications routi\u00e8res<\/a>\u00a0|\u00a0<a title=\"Driving Directions\" href=\"https:\/\/www.google.ca\/maps\/place\/2125+Rue+Notre+Dame,+Lachine,+QC+H8S+2G5\/@45.4345984,-73.6860437,17z\/data=!3m1!4b1!4m5!3m4!1s0x4cc91692e9fec1e5:0x1fc08493479c9f78!8m2!3d45.4345984!4d-73.683855?hl=en\">Driving Directions<\/a><\/p>\n<p><a title=\"Pr\u00e9visions m\u00e9t\u00e9orologiques\" href=\"http:\/\/www.meteomedia.com\/weather\/caqc0281\">Pr\u00e9visions m\u00e9t\u00e9orologiques<\/a>\u00a0|\u00a0<a title=\"The Weather Network\" href=\"https:\/\/www.theweathernetwork.com\/ca\">The Weather Network<\/a><\/p>\n<p>&nbsp;<\/p>\n<p>&nbsp;<\/p>\n<p>&nbsp;<\/p>\n","protected":false},"excerpt":{"rendered":"<p>1932-2020 &nbsp; &nbsp; It is with profound sadness that we announce the passing of our loving mother Grace Mayor (Molnar) , at the age of 87 years on November 23rd, 2020 &nbsp; She is survived by her beloved husband Eddy Mayor, her children Gerry (Debbie Mac Donald) and Richard (Belina Tolentino), her grandchildren Michelle Di [&hellip;]<\/p>\n","protected":false},"author":7,"featured_media":18499,"comment_status":"open","ping_status":"open","sticky":false,"template":"","format":"standard","meta":{"_seopress_robots_primary_cat":"","_seopress_titles_title":"","_seopress_titles_desc":"","_seopress_robots_index":"","footnotes":""},"categories":[68],"tags":[],"class_list":["post-18503","post","type-post","status-publish","format-standard","has-post-thumbnail","hentry","category-obituaries"],"_links":{"self":[{"href":"https:\/\/jjcardinal.ca\/en\/wp-json\/wp\/v2\/posts\/18503","targetHints":{"allow":["GET"]}}],"collection":[{"href":"https:\/\/jjcardinal.ca\/en\/wp-json\/wp\/v2\/posts"}],"about":[{"href":"https:\/\/jjcardinal.ca\/en\/wp-json\/wp\/v2\/types\/post"}],"author":[{"embeddable":true,"href":"https:\/\/jjcardinal.ca\/en\/wp-json\/wp\/v2\/users\/7"}],"replies":[{"embeddable":true,"href":"https:\/\/jjcardinal.ca\/en\/wp-json\/wp\/v2\/comments?post=18503"}],"version-history":[{"count":3,"href":"https:\/\/jjcardinal.ca\/en\/wp-json\/wp\/v2\/posts\/18503\/revisions"}],"predecessor-version":[{"id":18510,"href":"https:\/\/jjcardinal.ca\/en\/wp-json\/wp\/v2\/posts\/18503\/revisions\/18510"}],"wp:featuredmedia":[{"embeddable":true,"href":"https:\/\/jjcardinal.ca\/en\/wp-json\/wp\/v2\/media\/18499"}],"wp:attachment":[{"href":"https:\/\/jjcardinal.ca\/en\/wp-json\/wp\/v2\/media?parent=18503"}],"wp:term":[{"taxonomy":"category","embeddable":true,"href":"https:\/\/jjcardinal.ca\/en\/wp-json\/wp\/v2\/categories?post=18503"},{"taxonomy":"post_tag","embeddable":true,"href":"https:\/\/jjcardinal.ca\/en\/wp-json\/wp\/v2\/tags?post=18503"}],"curies":[{"name":"wp","href":"https:\/\/api.w.org\/{rel}","templated":true}]}}