{"id":18854,"date":"2021-01-08T18:23:06","date_gmt":"2021-01-08T23:23:06","guid":{"rendered":"https:\/\/jjcardinal.ca\/?p=18854"},"modified":"2021-01-09T09:34:30","modified_gmt":"2021-01-09T14:34:30","slug":"mr-jean-pierre-bertrand","status":"publish","type":"post","link":"https:\/\/jjcardinal.ca\/en\/mr-jean-pierre-bertrand\/","title":{"rendered":"Mr. Jean-Pierre Bertrand"},"content":{"rendered":"<p>1950-2021<\/p>\n<p>&nbsp;<\/p>\n<p>It is with profound sadness that we share the peaceful passing of Jean-Pierre Bertrand, at home with his beloved wife Sheila, on January 6th, at age 70.<br \/>\nHe leaves to mourn also his dear brother Gilles, sister-in-law Lise, and his much loved nephews Pierre-Sylvain (Bridgette, Katie, Hadley) and Mathieu (Jessica, Ethan, Camden), his God Daughter Ava, cousins, and many dear and cherished friends on both sides of the Atlantic.<\/p>\n<p>Jean-Pierre had a fulfilling career with Air Canada, and greatly enjoyed many years of retirement. He loved his home, but also travelling, and visited many different countries,<br \/>\ngetting along with people from all walks of life and cultures.<\/p>\n<p>He was a very special man, with an ability to bring joy to children, smiles to the faces of the elderly, and loyal to many wonderful friends. His sense of humor, warmth and kindness will be remembered by so many.\u00a0 He touched the lives of numerous people, and will be so sadly missed, but memories of his smile, generosity, kindness and willingness to help others will always be remembered.<\/p>\n<p>After a long and courageous battle with acute myeloid leukemia, may he now rest In peace, and be reunited with his much loved sister and parents.<\/p>\n<p>Our gratitude and heartfelt thanks go to the wonderful nurses, doctors and entire Hematology\/Oncology team at the Royal Victoria Hospital, and Cedars Cancer Centre. Our thanks and immense appreciation also go the dedicated palliative nurses of the CLSC Dorval\/Lachine.<\/p>\n<p>Due to the pandemic, a celebration of Jean-Pierre\u2019s very special life will be held at a later date.<\/p>\n<p>If desired, donations in his memory may be made to Cedars Cancer Centre, or the Leukemia &amp; Lymphoma society of Canada\u00a0 &#8211;\u00a0 <a href=\"http:\/\/llscanada.org\/\">llscanada.org<\/a>.<\/p>\n<p>&nbsp;<\/p>\n<p><strong>R\u00c9SIDENCE FUN\u00c9RAIRE J.J. CARDINAL FUNERAL HOME<\/strong><\/p>\n<p>560 ch. Bord du Lac, Dorval (Qu\u00e9bec)\u00a0\u00a0H9S 2B3<\/p>\n<p>T\u00e9l. : 514-631-1511 | T\u00e9l\u00e9c. : 514-631-1516 | Courriel :\u00a0<a title=\"info@jjcardinal.ca\" href=\"mailto:info@jjcardinal.ca\">info@jjcardinal.ca<\/a><\/p>\n<p><a title=\"Indications routi\u00e8res\" href=\"https:\/\/goo.gl\/maps\/6TF2f\">Indications routi\u00e8res<\/a>\u00a0|\u00a0<a title=\"Driving Directions\" href=\"https:\/\/www.google.ca\/maps\/place\/2125+Rue+Notre+Dame,+Lachine,+QC+H8S+2G5\/@45.4345984,-73.6860437,17z\/data=!3m1!4b1!4m5!3m4!1s0x4cc91692e9fec1e5:0x1fc08493479c9f78!8m2!3d45.4345984!4d-73.683855?hl=en\">Driving Directions<\/a><\/p>\n<p><a title=\"Pr\u00e9visions m\u00e9t\u00e9orologiques\" href=\"http:\/\/www.meteomedia.com\/weather\/caqc0281\">Pr\u00e9visions m\u00e9t\u00e9orologiques<\/a>\u00a0|\u00a0<a title=\"The Weather Network\" href=\"https:\/\/www.theweathernetwork.com\/ca\">The Weather Network<\/a><\/p>\n","protected":false},"excerpt":{"rendered":"<p>1950-2021 &nbsp; It is with profound sadness that we share the peaceful passing of Jean-Pierre Bertrand, at home with his beloved wife Sheila, on January 6th, at age 70. He leaves to mourn also his dear brother Gilles, sister-in-law Lise, and his much loved nephews Pierre-Sylvain (Bridgette, Katie, Hadley) and Mathieu (Jessica, Ethan, Camden), his [&hellip;]<\/p>\n","protected":false},"author":7,"featured_media":18856,"comment_status":"open","ping_status":"open","sticky":false,"template":"","format":"standard","meta":{"_seopress_robots_primary_cat":"","_seopress_titles_title":"","_seopress_titles_desc":"","_seopress_robots_index":"","footnotes":""},"categories":[68],"tags":[],"class_list":["post-18854","post","type-post","status-publish","format-standard","has-post-thumbnail","hentry","category-obituaries"],"_links":{"self":[{"href":"https:\/\/jjcardinal.ca\/en\/wp-json\/wp\/v2\/posts\/18854","targetHints":{"allow":["GET"]}}],"collection":[{"href":"https:\/\/jjcardinal.ca\/en\/wp-json\/wp\/v2\/posts"}],"about":[{"href":"https:\/\/jjcardinal.ca\/en\/wp-json\/wp\/v2\/types\/post"}],"author":[{"embeddable":true,"href":"https:\/\/jjcardinal.ca\/en\/wp-json\/wp\/v2\/users\/7"}],"replies":[{"embeddable":true,"href":"https:\/\/jjcardinal.ca\/en\/wp-json\/wp\/v2\/comments?post=18854"}],"version-history":[{"count":5,"href":"https:\/\/jjcardinal.ca\/en\/wp-json\/wp\/v2\/posts\/18854\/revisions"}],"predecessor-version":[{"id":18868,"href":"https:\/\/jjcardinal.ca\/en\/wp-json\/wp\/v2\/posts\/18854\/revisions\/18868"}],"wp:featuredmedia":[{"embeddable":true,"href":"https:\/\/jjcardinal.ca\/en\/wp-json\/wp\/v2\/media\/18856"}],"wp:attachment":[{"href":"https:\/\/jjcardinal.ca\/en\/wp-json\/wp\/v2\/media?parent=18854"}],"wp:term":[{"taxonomy":"category","embeddable":true,"href":"https:\/\/jjcardinal.ca\/en\/wp-json\/wp\/v2\/categories?post=18854"},{"taxonomy":"post_tag","embeddable":true,"href":"https:\/\/jjcardinal.ca\/en\/wp-json\/wp\/v2\/tags?post=18854"}],"curies":[{"name":"wp","href":"https:\/\/api.w.org\/{rel}","templated":true}]}}