{"id":18888,"date":"2021-01-12T11:20:05","date_gmt":"2021-01-12T16:20:05","guid":{"rendered":"https:\/\/jjcardinal.ca\/?p=18888"},"modified":"2021-01-12T16:02:49","modified_gmt":"2021-01-12T21:02:49","slug":"mr-joseph-mancuso","status":"publish","type":"post","link":"https:\/\/jjcardinal.ca\/en\/mr-joseph-mancuso\/","title":{"rendered":"Mr. Joseph Mancuso"},"content":{"rendered":"<p>1946-2021<\/p>\n<p>&nbsp;<\/p>\n<p>Le 10 janvier 2021, est d\u00e9c\u00e9d\u00e9 \u00e0 l\u2019\u00e2ge de 75 ans, Joseph Mancuso fils de feu Angelo Mancuso et de feu Vincenza De Angelis.<\/p>\n<p>Il laisse dans le deuil ses cousins et cousines, son amie Danielle ainsi que plusieurs autres parents et amis.<\/p>\n<p>&nbsp;<\/p>\n<p>&nbsp;<\/p>\n<p><strong>R\u00c9SIDENCE FUN\u00c9RAIRE J.J. CARDINAL FUNERAL HOME<\/strong><\/p>\n<p>2125, rue Notre-Dame, Lachine (Qu\u00e9bec)\u00a0\u00a0H8S 2G5<\/p>\n<p>T\u00e9l. :\u00a0514-639-1511\u00a0|\u00a0T\u00e9l\u00e9c. :\u00a0514-639-1516\u00a0|\u00a0Courriel :\u00a0<a title=\"info@jjcardinal.ca\" href=\"mailto:info@jjcardinal.ca\">info@jjcardinal.ca<\/a><\/p>\n<p><a title=\"Indications routi\u00e8res\" href=\"https:\/\/goo.gl\/maps\/6TF2f\">Indications routi\u00e8res<\/a>\u00a0|\u00a0<a title=\"Driving Directions\" href=\"https:\/\/www.google.ca\/maps\/place\/2125+Rue+Notre+Dame,+Lachine,+QC+H8S+2G5\/@45.4345984,-73.6860437,17z\/data=!3m1!4b1!4m5!3m4!1s0x4cc91692e9fec1e5:0x1fc08493479c9f78!8m2!3d45.4345984!4d-73.683855?hl=en\">Driving Directions<\/a><\/p>\n<p><a title=\"Pr\u00e9visions m\u00e9t\u00e9orologiques\" href=\"http:\/\/www.meteomedia.com\/weather\/caqc0281\">Pr\u00e9visions m\u00e9t\u00e9orologiques<\/a>\u00a0|\u00a0<a title=\"The Weather Network\" href=\"https:\/\/www.theweathernetwork.com\/ca\">The Weather Network<\/a><\/p>\n","protected":false},"excerpt":{"rendered":"<p>1946-2021 &nbsp; Le 10 janvier 2021, est d\u00e9c\u00e9d\u00e9 \u00e0 l\u2019\u00e2ge de 75 ans, Joseph Mancuso fils de feu Angelo Mancuso et de feu Vincenza De Angelis. Il laisse dans le deuil ses cousins et cousines, son amie Danielle ainsi que plusieurs autres parents et amis. &nbsp; &nbsp; R\u00c9SIDENCE FUN\u00c9RAIRE J.J. CARDINAL FUNERAL HOME 2125, rue [&hellip;]<\/p>\n","protected":false},"author":7,"featured_media":18890,"comment_status":"open","ping_status":"open","sticky":false,"template":"","format":"standard","meta":{"_seopress_robots_primary_cat":"","_seopress_titles_title":"","_seopress_titles_desc":"","_seopress_robots_index":"","footnotes":""},"categories":[68],"tags":[],"class_list":["post-18888","post","type-post","status-publish","format-standard","has-post-thumbnail","hentry","category-obituaries"],"_links":{"self":[{"href":"https:\/\/jjcardinal.ca\/en\/wp-json\/wp\/v2\/posts\/18888","targetHints":{"allow":["GET"]}}],"collection":[{"href":"https:\/\/jjcardinal.ca\/en\/wp-json\/wp\/v2\/posts"}],"about":[{"href":"https:\/\/jjcardinal.ca\/en\/wp-json\/wp\/v2\/types\/post"}],"author":[{"embeddable":true,"href":"https:\/\/jjcardinal.ca\/en\/wp-json\/wp\/v2\/users\/7"}],"replies":[{"embeddable":true,"href":"https:\/\/jjcardinal.ca\/en\/wp-json\/wp\/v2\/comments?post=18888"}],"version-history":[{"count":2,"href":"https:\/\/jjcardinal.ca\/en\/wp-json\/wp\/v2\/posts\/18888\/revisions"}],"predecessor-version":[{"id":18904,"href":"https:\/\/jjcardinal.ca\/en\/wp-json\/wp\/v2\/posts\/18888\/revisions\/18904"}],"wp:featuredmedia":[{"embeddable":true,"href":"https:\/\/jjcardinal.ca\/en\/wp-json\/wp\/v2\/media\/18890"}],"wp:attachment":[{"href":"https:\/\/jjcardinal.ca\/en\/wp-json\/wp\/v2\/media?parent=18888"}],"wp:term":[{"taxonomy":"category","embeddable":true,"href":"https:\/\/jjcardinal.ca\/en\/wp-json\/wp\/v2\/categories?post=18888"},{"taxonomy":"post_tag","embeddable":true,"href":"https:\/\/jjcardinal.ca\/en\/wp-json\/wp\/v2\/tags?post=18888"}],"curies":[{"name":"wp","href":"https:\/\/api.w.org\/{rel}","templated":true}]}}