{"id":18974,"date":"2021-01-19T15:01:54","date_gmt":"2021-01-19T20:01:54","guid":{"rendered":"https:\/\/jjcardinal.ca\/m-gilles-w-hall\/"},"modified":"2021-01-19T15:02:45","modified_gmt":"2021-01-19T20:02:45","slug":"m-gilles-w-hall","status":"publish","type":"post","link":"https:\/\/jjcardinal.ca\/en\/m-gilles-w-hall\/","title":{"rendered":"M. Gilles W. Hall"},"content":{"rendered":"<p>1947-2021<\/p>\n<p>&nbsp;<\/p>\n<p>Est d\u00e9c\u00e9d\u00e9 \u00e0 LaSalle, le 14 janvier, \u00e0 quelques heures de sa 74<sup>e<\/sup> ann\u00e9e, M. Gilles W. Hall, fils de feu Eva Trudeau et de feu Marcel Hall. Il laisse dans le deuil son \u00e9pouse C\u00e9cile L\u00e9ger, ses deux filles Nathalie Hall (Sylvain Sauvageau) et Manon, ses deux petits-enfants, William et Jasmine. Il \u00e9tait aussi le fr\u00e8re de Lorraine Hall (Michel Grenier) et de Ghislaine Hall. Il laisse dans le deuil de nombreux cousins et cousines.<\/p>\n<p>Dans sa paroisse Notre-Dame-du-Sacr\u00e9-C\u0153ur de LaSalle, il s\u2019est engag\u00e9 avec g\u00e9n\u00e9rosit\u00e9 comme responsable du bazar annuel, comme membre de la chorale et marguillier.<\/p>\n<p>Les fun\u00e9railles catholiques, pr\u00e9sid\u00e9es par le beau-fr\u00e8re du d\u00e9funt, le cur\u00e9 Pierre L\u00e9ger, seront c\u00e9l\u00e9br\u00e9es le samedi 23 janvier, \u00e0 10\u00a0:00, \u00e0 l\u2019\u00e9glise des Saints-Anges de Lachine. Ouverture des portes \u00e0 9\u00a0:30. Les cendres seront d\u00e9pos\u00e9es dans le columbarium des Saints-Martyrs-Canadiens de la m\u00eame paroisse.<\/p>\n<p>Seules 25 personnes pourront \u00eatre pr\u00e9sentes dans l\u2019\u00e9glise mais la c\u00e9l\u00e9bration sera diffus\u00e9e sur <a href=\"http:\/\/www.facebook.com\/les\">www.facebook.com\/les<\/a> saintsangesdelachine. Nous vous invitons \u00e0 vous joindre \u00e0 nous pour c\u00e9l\u00e9brer la certitude de la vie au-del\u00e0 de la mort.<\/p>\n<p>La famille tient \u00e0 remercier l\u2019\u00e9quipe des soins palliatifs \u00e0 domicile du CLSC LaSalle qui a accompagn\u00e9 Gilles dans les 5 derniers mois.<\/p>\n<p>&nbsp;<\/p>\n<p>&nbsp;<\/p>\n<p><strong>R\u00c9SIDENCE FUN\u00c9RAIRE J.J. CARDINAL FUNERAL HOME<\/strong><\/p>\n<p>2125, rue Notre-Dame, Lachine (Qu\u00e9bec)\u00a0\u00a0H8S 2G5<\/p>\n<p>T\u00e9l. :\u00a0514-639-1511\u00a0|\u00a0T\u00e9l\u00e9c. :\u00a0514-639-1516\u00a0|\u00a0Courriel :\u00a0<a title=\"info@jjcardinal.ca\" href=\"mailto:info@jjcardinal.ca\">info@jjcardinal.ca<\/a><\/p>\n<p><a title=\"Indications routi\u00e8res\" href=\"https:\/\/goo.gl\/maps\/6TF2f\">Indications routi\u00e8res<\/a>\u00a0|\u00a0<a title=\"Driving Directions\" href=\"https:\/\/www.google.ca\/maps\/place\/2125+Rue+Notre+Dame,+Lachine,+QC+H8S+2G5\/@45.4345984,-73.6860437,17z\/data=!3m1!4b1!4m5!3m4!1s0x4cc91692e9fec1e5:0x1fc08493479c9f78!8m2!3d45.4345984!4d-73.683855?hl=en\">Driving Directions<\/a><\/p>\n<p><a title=\"Pr\u00e9visions m\u00e9t\u00e9orologiques\" href=\"http:\/\/www.meteomedia.com\/weather\/caqc0281\">Pr\u00e9visions m\u00e9t\u00e9orologiques<\/a>\u00a0|\u00a0<a title=\"The Weather Network\" href=\"https:\/\/www.theweathernetwork.com\/ca\">The Weather Network<\/a><\/p>\n","protected":false},"excerpt":{"rendered":"<p>1947-2021 &nbsp; Est d\u00e9c\u00e9d\u00e9 \u00e0 LaSalle, le 14 janvier, \u00e0 quelques heures de sa 74e ann\u00e9e, M. Gilles W. Hall, fils de feu Eva Trudeau et de feu Marcel Hall. Il laisse dans le deuil son \u00e9pouse C\u00e9cile L\u00e9ger, ses deux filles Nathalie Hall (Sylvain Sauvageau) et Manon, ses deux petits-enfants, William et Jasmine. Il [&hellip;]<\/p>\n","protected":false},"author":7,"featured_media":18970,"comment_status":"open","ping_status":"open","sticky":false,"template":"","format":"standard","meta":{"_seopress_robots_primary_cat":"","_seopress_titles_title":"","_seopress_titles_desc":"","_seopress_robots_index":"","footnotes":""},"categories":[68],"tags":[],"class_list":["post-18974","post","type-post","status-publish","format-standard","has-post-thumbnail","hentry","category-obituaries"],"_links":{"self":[{"href":"https:\/\/jjcardinal.ca\/en\/wp-json\/wp\/v2\/posts\/18974","targetHints":{"allow":["GET"]}}],"collection":[{"href":"https:\/\/jjcardinal.ca\/en\/wp-json\/wp\/v2\/posts"}],"about":[{"href":"https:\/\/jjcardinal.ca\/en\/wp-json\/wp\/v2\/types\/post"}],"author":[{"embeddable":true,"href":"https:\/\/jjcardinal.ca\/en\/wp-json\/wp\/v2\/users\/7"}],"replies":[{"embeddable":true,"href":"https:\/\/jjcardinal.ca\/en\/wp-json\/wp\/v2\/comments?post=18974"}],"version-history":[{"count":1,"href":"https:\/\/jjcardinal.ca\/en\/wp-json\/wp\/v2\/posts\/18974\/revisions"}],"predecessor-version":[{"id":18975,"href":"https:\/\/jjcardinal.ca\/en\/wp-json\/wp\/v2\/posts\/18974\/revisions\/18975"}],"wp:featuredmedia":[{"embeddable":true,"href":"https:\/\/jjcardinal.ca\/en\/wp-json\/wp\/v2\/media\/18970"}],"wp:attachment":[{"href":"https:\/\/jjcardinal.ca\/en\/wp-json\/wp\/v2\/media?parent=18974"}],"wp:term":[{"taxonomy":"category","embeddable":true,"href":"https:\/\/jjcardinal.ca\/en\/wp-json\/wp\/v2\/categories?post=18974"},{"taxonomy":"post_tag","embeddable":true,"href":"https:\/\/jjcardinal.ca\/en\/wp-json\/wp\/v2\/tags?post=18974"}],"curies":[{"name":"wp","href":"https:\/\/api.w.org\/{rel}","templated":true}]}}