{"id":19240,"date":"2021-02-19T17:13:05","date_gmt":"2021-02-19T22:13:05","guid":{"rendered":"https:\/\/jjcardinal.ca\/?p=19240"},"modified":"2021-02-19T17:13:05","modified_gmt":"2021-02-19T22:13:05","slug":"mr-jean-pierre-leduc","status":"publish","type":"post","link":"https:\/\/jjcardinal.ca\/en\/mr-jean-pierre-leduc\/","title":{"rendered":"Mr. Jean-Pierre Leduc"},"content":{"rendered":"<p>1932-2021<\/p>\n<p>&nbsp;<\/p>\n<p>C\u2019est avec le c\u0153ur lourd que nous annon\u00e7ons le d\u00e9c\u00e8s de Jean-Pierre Leduc le 17 f\u00e9vrier 2021, \u00e9poux de Denise St-Jacques.<\/p>\n<p>&nbsp;<\/p>\n<p>Outre son \u00e9pouse, il laisse dans le deuil ses enfants Robert (Joanne), Mimi et Diane, ses petits-enfants Audrey (Patrick), Catherine (Patrick) et Alexandra, son arri\u00e8re-petit-fils Edouard, son fr\u00e8re Gaston, sa s\u0153ur Pierrette (Michel), sa belle-s\u0153ur Collette (feu Gilles), ses neveux et ni\u00e8ces ainsi que de nombreux parents et amis.<\/p>\n<p>&nbsp;<\/p>\n<p>\u00c9tant donn\u00e9 les circonstances actuelles, les fun\u00e9railles auront lieu en toute intimit\u00e9.<\/p>\n<p>&nbsp;<\/p>\n<p>&nbsp;<\/p>\n<p><strong>R\u00c9SIDENCE FUN\u00c9RAIRE J.J. CARDINAL FUNERAL HOME<\/strong><\/p>\n<p>2125, rue Notre-Dame, Lachine (Qu\u00e9bec)\u00a0\u00a0H8S 2G5<\/p>\n<p>T\u00e9l. :\u00a0514-639-1511\u00a0|\u00a0T\u00e9l\u00e9c. :\u00a0514-639-1516\u00a0|\u00a0Courriel :\u00a0<a title=\"info@jjcardinal.ca\" href=\"mailto:info@jjcardinal.ca\">info@jjcardinal.ca<\/a><\/p>\n<p><a title=\"Indications routi\u00e8res\" href=\"https:\/\/goo.gl\/maps\/6TF2f\">Indications routi\u00e8res<\/a>\u00a0|\u00a0<a title=\"Driving Directions\" href=\"https:\/\/www.google.ca\/maps\/place\/2125+Rue+Notre+Dame,+Lachine,+QC+H8S+2G5\/@45.4345984,-73.6860437,17z\/data=!3m1!4b1!4m5!3m4!1s0x4cc91692e9fec1e5:0x1fc08493479c9f78!8m2!3d45.4345984!4d-73.683855?hl=en\">Driving Directions<\/a><\/p>\n<p><a title=\"Pr\u00e9visions m\u00e9t\u00e9orologiques\" href=\"http:\/\/www.meteomedia.com\/weather\/caqc0281\">Pr\u00e9visions m\u00e9t\u00e9orologiques<\/a>\u00a0|\u00a0<a title=\"The Weather Network\" href=\"https:\/\/www.theweathernetwork.com\/ca\">The Weather Network<\/a><\/p>\n<p>&nbsp;<\/p>\n","protected":false},"excerpt":{"rendered":"<p>1932-2021 &nbsp; C\u2019est avec le c\u0153ur lourd que nous annon\u00e7ons le d\u00e9c\u00e8s de Jean-Pierre Leduc le 17 f\u00e9vrier 2021, \u00e9poux de Denise St-Jacques. &nbsp; Outre son \u00e9pouse, il laisse dans le deuil ses enfants Robert (Joanne), Mimi et Diane, ses petits-enfants Audrey (Patrick), Catherine (Patrick) et Alexandra, son arri\u00e8re-petit-fils Edouard, son fr\u00e8re Gaston, sa s\u0153ur [&hellip;]<\/p>\n","protected":false},"author":7,"featured_media":19242,"comment_status":"open","ping_status":"open","sticky":false,"template":"","format":"standard","meta":{"_seopress_robots_primary_cat":"","_seopress_titles_title":"","_seopress_titles_desc":"","_seopress_robots_index":"","footnotes":""},"categories":[68],"tags":[],"class_list":["post-19240","post","type-post","status-publish","format-standard","has-post-thumbnail","hentry","category-obituaries"],"_links":{"self":[{"href":"https:\/\/jjcardinal.ca\/en\/wp-json\/wp\/v2\/posts\/19240","targetHints":{"allow":["GET"]}}],"collection":[{"href":"https:\/\/jjcardinal.ca\/en\/wp-json\/wp\/v2\/posts"}],"about":[{"href":"https:\/\/jjcardinal.ca\/en\/wp-json\/wp\/v2\/types\/post"}],"author":[{"embeddable":true,"href":"https:\/\/jjcardinal.ca\/en\/wp-json\/wp\/v2\/users\/7"}],"replies":[{"embeddable":true,"href":"https:\/\/jjcardinal.ca\/en\/wp-json\/wp\/v2\/comments?post=19240"}],"version-history":[{"count":1,"href":"https:\/\/jjcardinal.ca\/en\/wp-json\/wp\/v2\/posts\/19240\/revisions"}],"predecessor-version":[{"id":19244,"href":"https:\/\/jjcardinal.ca\/en\/wp-json\/wp\/v2\/posts\/19240\/revisions\/19244"}],"wp:featuredmedia":[{"embeddable":true,"href":"https:\/\/jjcardinal.ca\/en\/wp-json\/wp\/v2\/media\/19242"}],"wp:attachment":[{"href":"https:\/\/jjcardinal.ca\/en\/wp-json\/wp\/v2\/media?parent=19240"}],"wp:term":[{"taxonomy":"category","embeddable":true,"href":"https:\/\/jjcardinal.ca\/en\/wp-json\/wp\/v2\/categories?post=19240"},{"taxonomy":"post_tag","embeddable":true,"href":"https:\/\/jjcardinal.ca\/en\/wp-json\/wp\/v2\/tags?post=19240"}],"curies":[{"name":"wp","href":"https:\/\/api.w.org\/{rel}","templated":true}]}}