{"id":19664,"date":"2021-04-13T16:28:25","date_gmt":"2021-04-13T20:28:25","guid":{"rendered":"https:\/\/jjcardinal.ca\/?p=19664"},"modified":"2021-04-13T16:28:25","modified_gmt":"2021-04-13T20:28:25","slug":"mr-renaud-binette","status":"publish","type":"post","link":"https:\/\/jjcardinal.ca\/en\/mr-renaud-binette\/","title":{"rendered":"Mr. Renaud Binette"},"content":{"rendered":"<p>1931 \u2013 2021<\/p>\n<p>It is with great sadness that we announce the passing of our father, Mr. Renaud Binette, on April 8, 2021 at the age of 90 in Pointe-Claire, Qc. Husband to the late Suzanne Rousseau.<\/p>\n<p>He will be greatly missed by his children Lucie (Renaud B\u00e9langer), Carole (Michael Sechrist) and Fran\u00e7ois (Genevi\u00e8ve Guit\u00e9), his grand children Chad, Alexandre, Val\u00e9rie (Mathieu), William and Edouard (Maude) and his great grand children Brennan, Grace and B\u00e9atrice as well as his brothers-in-law, \u00a0nephews and nieces.<\/p>\n<p>After a few years working for Rolls Royce, he held positions as Sales Manager for Quebecair and then for Kenwood\u2019s Moving &amp; Storage until he founded his own company in the transportation industry namely Nova Express, in 1978 company he managed until his retirement in 1996.<\/p>\n<p>Donations, in his memory, can be made to the Heart &amp; Stroke Foundation.<\/p>\n<p>Private funeral mass will be celebrated followed by interment on April 24, 2021<\/p>\n<p>&nbsp;<\/p>\n<p>&nbsp;<\/p>\n<p>&nbsp;<\/p>\n<p><strong>R\u00c9SIDENCE FUN\u00c9RAIRE J.J. CARDINAL FUNERAL HOME<\/strong><\/p>\n<p>560 ch. Bord du Lac, Dorval (Qu\u00e9bec)\u00a0\u00a0H9S 2B3<\/p>\n<p>T\u00e9l. : 514-631-1511 | T\u00e9l\u00e9c. : 514-631-1516 | Courriel :\u00a0<a title=\"info@jjcardinal.ca\" href=\"mailto:info@jjcardinal.ca\">info@jjcardinal.ca<\/a><\/p>\n<p><a title=\"Indications routi\u00e8res\" href=\"https:\/\/goo.gl\/maps\/6TF2f\">Indications routi\u00e8res<\/a>\u00a0|\u00a0<a title=\"Driving Directions\" href=\"https:\/\/www.google.ca\/maps\/place\/2125+Rue+Notre+Dame,+Lachine,+QC+H8S+2G5\/@45.4345984,-73.6860437,17z\/data=!3m1!4b1!4m5!3m4!1s0x4cc91692e9fec1e5:0x1fc08493479c9f78!8m2!3d45.4345984!4d-73.683855?hl=en\">Driving Directions<\/a><\/p>\n<p><a title=\"Pr\u00e9visions m\u00e9t\u00e9orologiques\" href=\"http:\/\/www.meteomedia.com\/weather\/caqc0281\">Pr\u00e9visions m\u00e9t\u00e9orologiques<\/a>\u00a0|\u00a0<a title=\"The Weather Network\" href=\"https:\/\/www.theweathernetwork.com\/ca\">The Weather Network<\/a><\/p>\n","protected":false},"excerpt":{"rendered":"<p>1931 \u2013 2021 It is with great sadness that we announce the passing of our father, Mr. Renaud Binette, on April 8, 2021 at the age of 90 in Pointe-Claire, Qc. Husband to the late Suzanne Rousseau. He will be greatly missed by his children Lucie (Renaud B\u00e9langer), Carole (Michael Sechrist) and Fran\u00e7ois (Genevi\u00e8ve Guit\u00e9), [&hellip;]<\/p>\n","protected":false},"author":7,"featured_media":19666,"comment_status":"open","ping_status":"open","sticky":false,"template":"","format":"standard","meta":{"_seopress_robots_primary_cat":"","_seopress_titles_title":"","_seopress_titles_desc":"","_seopress_robots_index":"","footnotes":""},"categories":[68],"tags":[],"class_list":["post-19664","post","type-post","status-publish","format-standard","has-post-thumbnail","hentry","category-obituaries"],"_links":{"self":[{"href":"https:\/\/jjcardinal.ca\/en\/wp-json\/wp\/v2\/posts\/19664","targetHints":{"allow":["GET"]}}],"collection":[{"href":"https:\/\/jjcardinal.ca\/en\/wp-json\/wp\/v2\/posts"}],"about":[{"href":"https:\/\/jjcardinal.ca\/en\/wp-json\/wp\/v2\/types\/post"}],"author":[{"embeddable":true,"href":"https:\/\/jjcardinal.ca\/en\/wp-json\/wp\/v2\/users\/7"}],"replies":[{"embeddable":true,"href":"https:\/\/jjcardinal.ca\/en\/wp-json\/wp\/v2\/comments?post=19664"}],"version-history":[{"count":1,"href":"https:\/\/jjcardinal.ca\/en\/wp-json\/wp\/v2\/posts\/19664\/revisions"}],"predecessor-version":[{"id":19668,"href":"https:\/\/jjcardinal.ca\/en\/wp-json\/wp\/v2\/posts\/19664\/revisions\/19668"}],"wp:featuredmedia":[{"embeddable":true,"href":"https:\/\/jjcardinal.ca\/en\/wp-json\/wp\/v2\/media\/19666"}],"wp:attachment":[{"href":"https:\/\/jjcardinal.ca\/en\/wp-json\/wp\/v2\/media?parent=19664"}],"wp:term":[{"taxonomy":"category","embeddable":true,"href":"https:\/\/jjcardinal.ca\/en\/wp-json\/wp\/v2\/categories?post=19664"},{"taxonomy":"post_tag","embeddable":true,"href":"https:\/\/jjcardinal.ca\/en\/wp-json\/wp\/v2\/tags?post=19664"}],"curies":[{"name":"wp","href":"https:\/\/api.w.org\/{rel}","templated":true}]}}