{"id":19689,"date":"2021-04-14T17:15:29","date_gmt":"2021-04-14T21:15:29","guid":{"rendered":"https:\/\/jjcardinal.ca\/?p=19689"},"modified":"2021-04-14T18:40:11","modified_gmt":"2021-04-14T22:40:11","slug":"mrs-simone-dubois-jarry","status":"publish","type":"post","link":"https:\/\/jjcardinal.ca\/en\/mrs-simone-dubois-jarry\/","title":{"rendered":"Mrs. Simone Dubois Jarry"},"content":{"rendered":"<p>1942 \u2013 2021<\/p>\n<p>&nbsp;<\/p>\n<p>C\u2019est avec tristesse que nous annon\u00e7ons le d\u00e9c\u00e8s de Simone Dubois, \u00e9pouse de feu Marcel Jarry.<\/p>\n<p>&nbsp;<\/p>\n<p>Elle laisse dans le deuil son fils d\u00e9vou\u00e9 Alain (France), ses petits-enfants ador\u00e9s Marie-\u00c8ve et James-Olivier, son fr\u00e8re Jean-Guy (Anne-Marie), sa grande amie Danielle ainsi que de nombreux parents et amis.<\/p>\n<p>&nbsp;<\/p>\n<p>La famille d\u00e9sire remercier le personnel du Centre d\u2019h\u00e9bergement Nazaire-Pich\u00e9 pour leur d\u00e9vouement.<\/p>\n<p>Pour honorer sa m\u00e9moire, des dons peuvent \u00eatre faits \u00e0\u00a0la\u00a0Fondation Cancer du sein du Qu\u00e9bec\u00a0(<a href=\"https:\/\/rubanrose.org\/mimpliquer\/dons\/faire-un-don\/\">Faire un don | Ruban rose<\/a>)<\/p>\n<p>Elle restera toujours pour nous un exemple de courage, pers\u00e9v\u00e9rance et de joie de vivre.<\/p>\n<p>&nbsp;<\/p>\n<p>\u00c9tant donn\u00e9 les circonstances actuelles, les fun\u00e9railles auront lieu en toute intimit\u00e9.<\/p>\n<p>&nbsp;<\/p>\n<p>&nbsp;<\/p>\n<p>&nbsp;<\/p>\n<p><strong>R\u00c9SIDENCE FUN\u00c9RAIRE J.J. CARDINAL FUNERAL HOME<\/strong><\/p>\n<p>2125, rue Notre-Dame, Lachine (Qu\u00e9bec)\u00a0\u00a0H8S 2G5<\/p>\n<p>T\u00e9l. :\u00a0514-639-1511\u00a0|\u00a0T\u00e9l\u00e9c. :\u00a0514-639-1516\u00a0|\u00a0Courriel :\u00a0<a title=\"info@jjcardinal.ca\" href=\"mailto:info@jjcardinal.ca\">info@jjcardinal.ca<\/a><\/p>\n<p><a title=\"Indications routi\u00e8res\" href=\"https:\/\/goo.gl\/maps\/6TF2f\">Indications routi\u00e8res<\/a>\u00a0|\u00a0<a title=\"Driving Directions\" href=\"https:\/\/www.google.ca\/maps\/place\/2125+Rue+Notre+Dame,+Lachine,+QC+H8S+2G5\/@45.4345984,-73.6860437,17z\/data=!3m1!4b1!4m5!3m4!1s0x4cc91692e9fec1e5:0x1fc08493479c9f78!8m2!3d45.4345984!4d-73.683855?hl=en\">Driving Directions<\/a><\/p>\n<p><a title=\"Pr\u00e9visions m\u00e9t\u00e9orologiques\" href=\"http:\/\/www.meteomedia.com\/weather\/caqc0281\">Pr\u00e9visions m\u00e9t\u00e9orologiques<\/a>\u00a0|\u00a0<a title=\"The Weather Network\" href=\"https:\/\/www.theweathernetwork.com\/ca\">The Weather Network<\/a><\/p>\n","protected":false},"excerpt":{"rendered":"<p>1942 \u2013 2021 &nbsp; C\u2019est avec tristesse que nous annon\u00e7ons le d\u00e9c\u00e8s de Simone Dubois, \u00e9pouse de feu Marcel Jarry. &nbsp; Elle laisse dans le deuil son fils d\u00e9vou\u00e9 Alain (France), ses petits-enfants ador\u00e9s Marie-\u00c8ve et James-Olivier, son fr\u00e8re Jean-Guy (Anne-Marie), sa grande amie Danielle ainsi que de nombreux parents et amis. &nbsp; La famille [&hellip;]<\/p>\n","protected":false},"author":7,"featured_media":19691,"comment_status":"open","ping_status":"open","sticky":false,"template":"","format":"standard","meta":{"_seopress_robots_primary_cat":"","_seopress_titles_title":"","_seopress_titles_desc":"","_seopress_robots_index":"","footnotes":""},"categories":[68],"tags":[],"class_list":["post-19689","post","type-post","status-publish","format-standard","has-post-thumbnail","hentry","category-obituaries"],"_links":{"self":[{"href":"https:\/\/jjcardinal.ca\/en\/wp-json\/wp\/v2\/posts\/19689","targetHints":{"allow":["GET"]}}],"collection":[{"href":"https:\/\/jjcardinal.ca\/en\/wp-json\/wp\/v2\/posts"}],"about":[{"href":"https:\/\/jjcardinal.ca\/en\/wp-json\/wp\/v2\/types\/post"}],"author":[{"embeddable":true,"href":"https:\/\/jjcardinal.ca\/en\/wp-json\/wp\/v2\/users\/7"}],"replies":[{"embeddable":true,"href":"https:\/\/jjcardinal.ca\/en\/wp-json\/wp\/v2\/comments?post=19689"}],"version-history":[{"count":2,"href":"https:\/\/jjcardinal.ca\/en\/wp-json\/wp\/v2\/posts\/19689\/revisions"}],"predecessor-version":[{"id":19700,"href":"https:\/\/jjcardinal.ca\/en\/wp-json\/wp\/v2\/posts\/19689\/revisions\/19700"}],"wp:featuredmedia":[{"embeddable":true,"href":"https:\/\/jjcardinal.ca\/en\/wp-json\/wp\/v2\/media\/19691"}],"wp:attachment":[{"href":"https:\/\/jjcardinal.ca\/en\/wp-json\/wp\/v2\/media?parent=19689"}],"wp:term":[{"taxonomy":"category","embeddable":true,"href":"https:\/\/jjcardinal.ca\/en\/wp-json\/wp\/v2\/categories?post=19689"},{"taxonomy":"post_tag","embeddable":true,"href":"https:\/\/jjcardinal.ca\/en\/wp-json\/wp\/v2\/tags?post=19689"}],"curies":[{"name":"wp","href":"https:\/\/api.w.org\/{rel}","templated":true}]}}