{"id":20067,"date":"2021-06-01T17:16:41","date_gmt":"2021-06-01T21:16:41","guid":{"rendered":"https:\/\/jjcardinal.ca\/m-jean-comeau\/"},"modified":"2021-06-01T17:18:01","modified_gmt":"2021-06-01T21:18:01","slug":"m-jean-comeau","status":"publish","type":"post","link":"https:\/\/jjcardinal.ca\/en\/m-jean-comeau\/","title":{"rendered":"Mr. Jean Comeau"},"content":{"rendered":"<p>1954-2021<\/p>\n<p>&nbsp;<\/p>\n<p>C\u2019est avec le c\u0153ur lourd que nous annon\u00e7ons le d\u00e9c\u00e8s de Jean Comeau le 28 mai 2021, fils de feu Paul \u00c9mile Comeau et de feu Clara Leclerc.<\/p>\n<p>Il laisse dans le deuil son \u00e9pouse Fabienne Andryanczyk, ses enfants Guillaume et Cl\u00e9ment (Myrianne), son petit-fils Louis-Charles, ses s\u0153urs H\u00e9l\u00e8ne et Claire, son beau-fr\u00e8re Vincent (Audrey-Anne) ainsi que ses neveux, ni\u00e8ces, parents et amis.<\/p>\n<p>&nbsp;<\/p>\n<p>\u00c9tant donn\u00e9 les circonstances actuelles, les fun\u00e9railles auront lieu en toute intimit\u00e9.<\/p>\n<p>Des dons en sa m\u00e9moire au Centre de cancer Segal de l\u2019h\u00f4pital g\u00e9n\u00e9ral juif seraient grandement appr\u00e9ci\u00e9s.<\/p>\n<p>&nbsp;<\/p>\n<p>&nbsp;<\/p>\n<p>&nbsp;<\/p>\n<p><strong>R\u00c9SIDENCE FUN\u00c9RAIRE J.J. CARDINAL FUNERAL HOME<\/strong><\/p>\n<p>2125, rue Notre-Dame, Lachine (Qu\u00e9bec)\u00a0\u00a0H8S 2G5<\/p>\n<p>T\u00e9l. :\u00a0514-639-1511\u00a0|\u00a0T\u00e9l\u00e9c. :\u00a0514-639-1516\u00a0|\u00a0Courriel :\u00a0<a title=\"info@jjcardinal.ca\" href=\"mailto:info@jjcardinal.ca\">info@jjcardinal.ca<\/a><\/p>\n<p><a title=\"Indications routi\u00e8res\" href=\"https:\/\/goo.gl\/maps\/6TF2f\">Indications routi\u00e8res<\/a>\u00a0|\u00a0<a title=\"Driving Directions\" href=\"https:\/\/www.google.ca\/maps\/place\/2125+Rue+Notre+Dame,+Lachine,+QC+H8S+2G5\/@45.4345984,-73.6860437,17z\/data=!3m1!4b1!4m5!3m4!1s0x4cc91692e9fec1e5:0x1fc08493479c9f78!8m2!3d45.4345984!4d-73.683855?hl=en\">Driving Directions<\/a><\/p>\n<p><a title=\"Pr\u00e9visions m\u00e9t\u00e9orologiques\" href=\"http:\/\/www.meteomedia.com\/weather\/caqc0281\">Pr\u00e9visions m\u00e9t\u00e9orologiques<\/a>\u00a0|\u00a0<a title=\"The Weather Network\" href=\"https:\/\/www.theweathernetwork.com\/ca\">The Weather Network<\/a><\/p>\n","protected":false},"excerpt":{"rendered":"<p>1954-2021 &nbsp; C\u2019est avec le c\u0153ur lourd que nous annon\u00e7ons le d\u00e9c\u00e8s de Jean Comeau le 28 mai 2021, fils de feu Paul \u00c9mile Comeau et de feu Clara Leclerc. Il laisse dans le deuil son \u00e9pouse Fabienne Andryanczyk, ses enfants Guillaume et Cl\u00e9ment (Myrianne), son petit-fils Louis-Charles, ses s\u0153urs H\u00e9l\u00e8ne et Claire, son beau-fr\u00e8re [&hellip;]<\/p>\n","protected":false},"author":7,"featured_media":20063,"comment_status":"open","ping_status":"open","sticky":false,"template":"","format":"standard","meta":{"_seopress_robots_primary_cat":"","_seopress_titles_title":"","_seopress_titles_desc":"","_seopress_robots_index":"","footnotes":""},"categories":[68],"tags":[],"class_list":["post-20067","post","type-post","status-publish","format-standard","has-post-thumbnail","hentry","category-obituaries"],"_links":{"self":[{"href":"https:\/\/jjcardinal.ca\/en\/wp-json\/wp\/v2\/posts\/20067","targetHints":{"allow":["GET"]}}],"collection":[{"href":"https:\/\/jjcardinal.ca\/en\/wp-json\/wp\/v2\/posts"}],"about":[{"href":"https:\/\/jjcardinal.ca\/en\/wp-json\/wp\/v2\/types\/post"}],"author":[{"embeddable":true,"href":"https:\/\/jjcardinal.ca\/en\/wp-json\/wp\/v2\/users\/7"}],"replies":[{"embeddable":true,"href":"https:\/\/jjcardinal.ca\/en\/wp-json\/wp\/v2\/comments?post=20067"}],"version-history":[{"count":1,"href":"https:\/\/jjcardinal.ca\/en\/wp-json\/wp\/v2\/posts\/20067\/revisions"}],"predecessor-version":[{"id":20068,"href":"https:\/\/jjcardinal.ca\/en\/wp-json\/wp\/v2\/posts\/20067\/revisions\/20068"}],"wp:featuredmedia":[{"embeddable":true,"href":"https:\/\/jjcardinal.ca\/en\/wp-json\/wp\/v2\/media\/20063"}],"wp:attachment":[{"href":"https:\/\/jjcardinal.ca\/en\/wp-json\/wp\/v2\/media?parent=20067"}],"wp:term":[{"taxonomy":"category","embeddable":true,"href":"https:\/\/jjcardinal.ca\/en\/wp-json\/wp\/v2\/categories?post=20067"},{"taxonomy":"post_tag","embeddable":true,"href":"https:\/\/jjcardinal.ca\/en\/wp-json\/wp\/v2\/tags?post=20067"}],"curies":[{"name":"wp","href":"https:\/\/api.w.org\/{rel}","templated":true}]}}