{"id":20076,"date":"2021-06-30T17:05:03","date_gmt":"2021-06-30T21:05:03","guid":{"rendered":"https:\/\/jjcardinal.ca\/mme-annie-ouellette\/"},"modified":"2021-06-30T17:11:52","modified_gmt":"2021-06-30T21:11:52","slug":"mme-annie-ouellette","status":"publish","type":"post","link":"https:\/\/jjcardinal.ca\/en\/mme-annie-ouellette\/","title":{"rendered":"Mrs Annie Ouellette"},"content":{"rendered":"<p>1975-2021<\/p>\n<p>&nbsp;<\/p>\n<p>C\u2019est avec une profonde tristesse que nous annon\u00e7ons le d\u00e9c\u00e8s de Annie Ouellette le 31 mai 2021, conjointe bien-aim\u00e9e de Michel Gervais.<\/p>\n<p>&nbsp;<\/p>\n<p>Outre son conjoint, elle laisse dans le deuil son fils Matis, ses parents Murielle et L\u00e9o, sa s\u0153ur Karine (Jonathan), ses neveux et ni\u00e8ces William, Maya, Ana\u00efs, Denis, Carolane et Guillaume, son beau-fr\u00e8re Daniel, sa belle-s\u0153ur Nancy, ses oncles et tantes, cousins et cousines ainsi que plusieurs parents et amis.<\/p>\n<p>&nbsp;<\/p>\n<p>La famille recevra les condol\u00e9ances \u00e0 la R\u00e9sidence fun\u00e9raire J.J. Cardinal, 2125 rue Notre-Dame, Lachine (<a href=\"http:\/\/www.jjcardinal.ca\">www.jjcardinal.ca<\/a> 514-639-1511) le jeudi 15 juillet 2021 de 14h \u00e0 17h et 19h \u00e0 21h, et le vendredi 16 juillet 2021 de 9h \u00e0 11h suivi des fun\u00e9railles \u00e0 la chapelle de la r\u00e9sidence \u00e0 11h.\u00a0 L\u2019inhumation suivra au Cimeti\u00e8re Lachine.<\/p>\n<p>&nbsp;<\/p>\n<p>Au lieu de fleurs, un don la Fondation du Cancer du Sein serait appr\u00e9ci\u00e9.<\/p>\n<p>&#8220;Nous tenons \u00e0 remercier tout le personnel soignant de l&#8217;H\u00f4pital du Lakeshore pour leur bons soins et leur compassion envers Annie.&#8221;<\/p>\n<p>&nbsp;<\/p>\n<p><em>&#8220;La famille tient \u00e0 vous remercier pour vos messages de sympathies.\u00a0 <\/em><\/p>\n<p><em>\u00a0 \u00a0 \u00a0 \u00a0 \u00a0 \u00a0 \u00a0 \u00a0 \u00a0 \u00a0 \u00a0 \u00a0 \u00a0 \u00a0 \u00a0 \u00a0 \u00a0 \u00a0 \u00a0 \u00a0 \u00a0 Merci beaucoup,\u00a0 Murielle Ouellette et famille. &#8220;<\/em><\/p>\n<p>&nbsp;<\/p>\n<p>&nbsp;<\/p>\n<p><strong>R\u00c9SIDENCE FUN\u00c9RAIRE J.J. CARDINAL FUNERAL HOME<\/strong><\/p>\n<p>2125, rue Notre-Dame, Lachine (Qu\u00e9bec)\u00a0\u00a0H8S 2G5<\/p>\n<p>T\u00e9l. :\u00a0514-639-1511\u00a0|\u00a0T\u00e9l\u00e9c. :\u00a0514-639-1516\u00a0|\u00a0Courriel :\u00a0<a title=\"info@jjcardinal.ca\" href=\"mailto:info@jjcardinal.ca\">info@jjcardinal.ca<\/a><\/p>\n<p><a title=\"Indications routi\u00e8res\" href=\"https:\/\/goo.gl\/maps\/6TF2f\">Indications routi\u00e8res<\/a>\u00a0|\u00a0<a title=\"Driving Directions\" href=\"https:\/\/www.google.ca\/maps\/place\/2125+Rue+Notre+Dame,+Lachine,+QC+H8S+2G5\/@45.4345984,-73.6860437,17z\/data=!3m1!4b1!4m5!3m4!1s0x4cc91692e9fec1e5:0x1fc08493479c9f78!8m2!3d45.4345984!4d-73.683855?hl=en\">Driving Directions<\/a><\/p>\n<p><a title=\"Pr\u00e9visions m\u00e9t\u00e9orologiques\" href=\"http:\/\/www.meteomedia.com\/weather\/caqc0281\">Pr\u00e9visions m\u00e9t\u00e9orologiques<\/a>\u00a0|\u00a0<a title=\"The Weather Network\" href=\"https:\/\/www.theweathernetwork.com\/ca\">The Weather Network<\/a><\/p>\n","protected":false},"excerpt":{"rendered":"<p>1975-2021 &nbsp; C\u2019est avec une profonde tristesse que nous annon\u00e7ons le d\u00e9c\u00e8s de Annie Ouellette le 31 mai 2021, conjointe bien-aim\u00e9e de Michel Gervais. &nbsp; Outre son conjoint, elle laisse dans le deuil son fils Matis, ses parents Murielle et L\u00e9o, sa s\u0153ur Karine (Jonathan), ses neveux et ni\u00e8ces William, Maya, Ana\u00efs, Denis, Carolane et [&hellip;]<\/p>\n","protected":false},"author":7,"featured_media":20072,"comment_status":"open","ping_status":"open","sticky":false,"template":"","format":"standard","meta":{"_seopress_robots_primary_cat":"","_seopress_titles_title":"","_seopress_titles_desc":"","_seopress_robots_index":"","footnotes":""},"categories":[68],"tags":[],"class_list":["post-20076","post","type-post","status-publish","format-standard","has-post-thumbnail","hentry","category-obituaries"],"_links":{"self":[{"href":"https:\/\/jjcardinal.ca\/en\/wp-json\/wp\/v2\/posts\/20076","targetHints":{"allow":["GET"]}}],"collection":[{"href":"https:\/\/jjcardinal.ca\/en\/wp-json\/wp\/v2\/posts"}],"about":[{"href":"https:\/\/jjcardinal.ca\/en\/wp-json\/wp\/v2\/types\/post"}],"author":[{"embeddable":true,"href":"https:\/\/jjcardinal.ca\/en\/wp-json\/wp\/v2\/users\/7"}],"replies":[{"embeddable":true,"href":"https:\/\/jjcardinal.ca\/en\/wp-json\/wp\/v2\/comments?post=20076"}],"version-history":[{"count":6,"href":"https:\/\/jjcardinal.ca\/en\/wp-json\/wp\/v2\/posts\/20076\/revisions"}],"predecessor-version":[{"id":20316,"href":"https:\/\/jjcardinal.ca\/en\/wp-json\/wp\/v2\/posts\/20076\/revisions\/20316"}],"wp:featuredmedia":[{"embeddable":true,"href":"https:\/\/jjcardinal.ca\/en\/wp-json\/wp\/v2\/media\/20072"}],"wp:attachment":[{"href":"https:\/\/jjcardinal.ca\/en\/wp-json\/wp\/v2\/media?parent=20076"}],"wp:term":[{"taxonomy":"category","embeddable":true,"href":"https:\/\/jjcardinal.ca\/en\/wp-json\/wp\/v2\/categories?post=20076"},{"taxonomy":"post_tag","embeddable":true,"href":"https:\/\/jjcardinal.ca\/en\/wp-json\/wp\/v2\/tags?post=20076"}],"curies":[{"name":"wp","href":"https:\/\/api.w.org\/{rel}","templated":true}]}}