{"id":20091,"date":"2021-06-03T21:39:36","date_gmt":"2021-06-04T01:39:36","guid":{"rendered":"https:\/\/jjcardinal.ca\/m-alvin-george-noftall\/"},"modified":"2021-06-09T16:58:05","modified_gmt":"2021-06-09T20:58:05","slug":"m-alvin-george-noftall","status":"publish","type":"post","link":"https:\/\/jjcardinal.ca\/en\/m-alvin-george-noftall\/","title":{"rendered":"Mr. Alvin George Noftall"},"content":{"rendered":"<p>January 10, 1946-June 1, 2021<\/p>\n<p>&nbsp;<\/p>\n<p>It is with profound sadness that we announce the death of Alvin George Noftall who passed away in Montreal on June 1, 2021, at the age of 75 from complications of cancer.<\/p>\n<p>&nbsp;<\/p>\n<p>Alvin was the eldest son to the late Roy and Lillian Noftall of Grand Falls, Newfoundland. He was the loving husband of Catherine (Jill) for 51 years and was the best dad to Allyson and Douglas (Pixie), a Poppy extraordinaire to Charlie, Darcy, and Fiona who he loved immensely.\u00a0 He was a loving brother to the late Daphne (Ian), Linda (the late Bob), Ruth, Selma (the late Frank), Jocelyn (the late Gord), Lorne, Doug, and Glenn (Will). He will be remembered fondly by Susan (Tom) and Stephen (Ginny), as well as many cousins, nieces, and nephews. He will also be missed by his golf buddies, business colleagues, and close friends.<\/p>\n<p>&nbsp;<\/p>\n<p>He was a long-time resident of Dorval, but always a proud Newfoundlander at heart. He was an avid golfer and a gifted softball and hockey player.\u00a0 He was a very generous man who gave his time and advice to many. He volunteered in Dorval coaching baseball and ringette as well as spending time as President of the Dorval Oldtimers Hockey tournament.<\/p>\n<p>&nbsp;<\/p>\n<p>Alvin had a knack of mispronouncing words that could have people in stitches! There was never a dull moment when you were with him. Laughter was definitely the soundtrack of his life. He loved people and so enjoyed throwing a party! He loved his dark rum, lobster and some good old Newfie music.<\/p>\n<p>&nbsp;<\/p>\n<p>He was a CPA in Dorval for over 30 years.\u00a0 For the last few months, his team was instrumental in carrying on his work. A special thank you to Trish for everything she has done.<\/p>\n<p>&nbsp;<\/p>\n<p>A service to celebrate his life will be announced and held at a later date.<\/p>\n<p>&nbsp;<\/p>\n<p>If people wish to honour his memory, please consider donating money or your time to the <a href=\"http:\/\/www.terryfox.ca\/inmemoryofalvinnoftall\">Terry Fox Foundation<\/a> or a cause, organization or fund that is important to you.<\/p>\n<p>&nbsp;<\/p>\n<p><strong>R\u00c9SIDENCE FUN\u00c9RAIRE J.J. CARDINAL FUNERAL HOME<\/strong><\/p>\n<p>560 ch. Bord du Lac, Dorval (Qu\u00e9bec)\u00a0\u00a0H9S 2B3<\/p>\n<p>T\u00e9l. : 514-631-1511 | T\u00e9l\u00e9c. : 514-631-1516 | Courriel :\u00a0<a title=\"info@jjcardinal.ca\" href=\"mailto:info@jjcardinal.ca\">info@jjcardinal.ca<\/a><\/p>\n<p><a title=\"Indications routi\u00e8res\" href=\"https:\/\/goo.gl\/maps\/6TF2f\">Indications routi\u00e8res<\/a>\u00a0|\u00a0<a title=\"Driving Directions\" href=\"https:\/\/www.google.ca\/maps\/place\/2125+Rue+Notre+Dame,+Lachine,+QC+H8S+2G5\/@45.4345984,-73.6860437,17z\/data=!3m1!4b1!4m5!3m4!1s0x4cc91692e9fec1e5:0x1fc08493479c9f78!8m2!3d45.4345984!4d-73.683855?hl=en\">Driving Directions<\/a><\/p>\n<p><a title=\"Pr\u00e9visions m\u00e9t\u00e9orologiques\" href=\"http:\/\/www.meteomedia.com\/weather\/caqc0281\">Pr\u00e9visions m\u00e9t\u00e9orologiques<\/a>\u00a0|\u00a0<a title=\"The Weather Network\" href=\"https:\/\/www.theweathernetwork.com\/ca\">The Weather Network<\/a><\/p>\n","protected":false},"excerpt":{"rendered":"<p>January 10, 1946-June 1, 2021 &nbsp; It is with profound sadness that we announce the death of Alvin George Noftall who passed away in Montreal on June 1, 2021, at the age of 75 from complications of cancer. &nbsp; Alvin was the eldest son to the late Roy and Lillian Noftall of Grand Falls, Newfoundland. [&hellip;]<\/p>\n","protected":false},"author":7,"featured_media":20087,"comment_status":"open","ping_status":"open","sticky":false,"template":"","format":"standard","meta":{"_seopress_robots_primary_cat":"","_seopress_titles_title":"","_seopress_titles_desc":"","_seopress_robots_index":"","footnotes":""},"categories":[68],"tags":[],"class_list":["post-20091","post","type-post","status-publish","format-standard","has-post-thumbnail","hentry","category-obituaries"],"_links":{"self":[{"href":"https:\/\/jjcardinal.ca\/en\/wp-json\/wp\/v2\/posts\/20091","targetHints":{"allow":["GET"]}}],"collection":[{"href":"https:\/\/jjcardinal.ca\/en\/wp-json\/wp\/v2\/posts"}],"about":[{"href":"https:\/\/jjcardinal.ca\/en\/wp-json\/wp\/v2\/types\/post"}],"author":[{"embeddable":true,"href":"https:\/\/jjcardinal.ca\/en\/wp-json\/wp\/v2\/users\/7"}],"replies":[{"embeddable":true,"href":"https:\/\/jjcardinal.ca\/en\/wp-json\/wp\/v2\/comments?post=20091"}],"version-history":[{"count":3,"href":"https:\/\/jjcardinal.ca\/en\/wp-json\/wp\/v2\/posts\/20091\/revisions"}],"predecessor-version":[{"id":20169,"href":"https:\/\/jjcardinal.ca\/en\/wp-json\/wp\/v2\/posts\/20091\/revisions\/20169"}],"wp:featuredmedia":[{"embeddable":true,"href":"https:\/\/jjcardinal.ca\/en\/wp-json\/wp\/v2\/media\/20087"}],"wp:attachment":[{"href":"https:\/\/jjcardinal.ca\/en\/wp-json\/wp\/v2\/media?parent=20091"}],"wp:term":[{"taxonomy":"category","embeddable":true,"href":"https:\/\/jjcardinal.ca\/en\/wp-json\/wp\/v2\/categories?post=20091"},{"taxonomy":"post_tag","embeddable":true,"href":"https:\/\/jjcardinal.ca\/en\/wp-json\/wp\/v2\/tags?post=20091"}],"curies":[{"name":"wp","href":"https:\/\/api.w.org\/{rel}","templated":true}]}}