{"id":20335,"date":"2021-07-01T17:29:58","date_gmt":"2021-07-01T21:29:58","guid":{"rendered":"https:\/\/jjcardinal.ca\/?p=20335"},"modified":"2021-07-01T17:29:58","modified_gmt":"2021-07-01T21:29:58","slug":"mr-patrick-lavery","status":"publish","type":"post","link":"https:\/\/jjcardinal.ca\/en\/mr-patrick-lavery\/","title":{"rendered":"Mr. Patrick Lavery"},"content":{"rendered":"<p>May 1935-June 2021<\/p>\n<p>&nbsp;<\/p>\n<p>It is with heavy hearts that we announce the passing of Patrick aged 86, on June 29, 2021 peacefully at home surrounded by his children.\u00a0 Beloved husband of the late Marilyn (nee O\u2019Brien). Devoted father of Paula (Scott), Mark (Judy), Elizabeth (Collin), and Jennifer (Scott).\u00a0 Dearest Grampa of Jake, Lyndsey, Teghan, Garen, Veronica, Bennett, and Wyatt. Beloved Uncle Paddy of many nieces and nephews. Special friend to Lorraine James.<\/p>\n<p>Unsurpassed in his love of family, friends, laughter, and life in general.\u00a0 He will be greatly missed.<\/p>\n<p>Special thanks to his palliative care team from Dorval Lachine CLSC and his devoted PABs.<\/p>\n<p>Visitation to be held on Monday, July 5, 2021 at JJ Cardinal Funeral Home (560 Lakeshore Dr., Dorval) from 5:00-9:00PM.<\/p>\n<p>Funeral to be held at St. Veronica\u2019s Parish in Dorval on Tuesday July 6, 2021 at 10:30 AM, followed by private interment.\u00a0 Covid measures will be in place.<\/p>\n<p>&nbsp;<\/p>\n<p>&nbsp;<\/p>\n<p>&nbsp;<\/p>\n<p><strong>R\u00c9SIDENCE FUN\u00c9RAIRE J.J. CARDINAL FUNERAL HOME<\/strong><\/p>\n<p>560 ch. Bord du Lac, Dorval (Qu\u00e9bec)\u00a0\u00a0H9S 2B3<\/p>\n<p>T\u00e9l. : 514-631-1511 | T\u00e9l\u00e9c. : 514-631-1516 | Courriel :\u00a0<a title=\"info@jjcardinal.ca\" href=\"mailto:info@jjcardinal.ca\">info@jjcardinal.ca<\/a><\/p>\n<p><a title=\"Indications routi\u00e8res\" href=\"https:\/\/goo.gl\/maps\/6TF2f\">Indications routi\u00e8res<\/a>\u00a0|\u00a0<a title=\"Driving Directions\" href=\"https:\/\/www.google.ca\/maps\/place\/2125+Rue+Notre+Dame,+Lachine,+QC+H8S+2G5\/@45.4345984,-73.6860437,17z\/data=!3m1!4b1!4m5!3m4!1s0x4cc91692e9fec1e5:0x1fc08493479c9f78!8m2!3d45.4345984!4d-73.683855?hl=en\">Driving Directions<\/a><\/p>\n<p><a title=\"Pr\u00e9visions m\u00e9t\u00e9orologiques\" href=\"http:\/\/www.meteomedia.com\/weather\/caqc0281\">Pr\u00e9visions m\u00e9t\u00e9orologiques<\/a>\u00a0|\u00a0<a title=\"The Weather Network\" href=\"https:\/\/www.theweathernetwork.com\/ca\">The Weather Network<\/a><\/p>\n","protected":false},"excerpt":{"rendered":"<p>May 1935-June 2021 &nbsp; It is with heavy hearts that we announce the passing of Patrick aged 86, on June 29, 2021 peacefully at home surrounded by his children.\u00a0 Beloved husband of the late Marilyn (nee O\u2019Brien). Devoted father of Paula (Scott), Mark (Judy), Elizabeth (Collin), and Jennifer (Scott).\u00a0 Dearest Grampa of Jake, Lyndsey, Teghan, [&hellip;]<\/p>\n","protected":false},"author":7,"featured_media":20337,"comment_status":"open","ping_status":"open","sticky":false,"template":"","format":"standard","meta":{"_seopress_robots_primary_cat":"","_seopress_titles_title":"","_seopress_titles_desc":"","_seopress_robots_index":"","footnotes":""},"categories":[68],"tags":[],"class_list":["post-20335","post","type-post","status-publish","format-standard","has-post-thumbnail","hentry","category-obituaries"],"_links":{"self":[{"href":"https:\/\/jjcardinal.ca\/en\/wp-json\/wp\/v2\/posts\/20335","targetHints":{"allow":["GET"]}}],"collection":[{"href":"https:\/\/jjcardinal.ca\/en\/wp-json\/wp\/v2\/posts"}],"about":[{"href":"https:\/\/jjcardinal.ca\/en\/wp-json\/wp\/v2\/types\/post"}],"author":[{"embeddable":true,"href":"https:\/\/jjcardinal.ca\/en\/wp-json\/wp\/v2\/users\/7"}],"replies":[{"embeddable":true,"href":"https:\/\/jjcardinal.ca\/en\/wp-json\/wp\/v2\/comments?post=20335"}],"version-history":[{"count":1,"href":"https:\/\/jjcardinal.ca\/en\/wp-json\/wp\/v2\/posts\/20335\/revisions"}],"predecessor-version":[{"id":20339,"href":"https:\/\/jjcardinal.ca\/en\/wp-json\/wp\/v2\/posts\/20335\/revisions\/20339"}],"wp:featuredmedia":[{"embeddable":true,"href":"https:\/\/jjcardinal.ca\/en\/wp-json\/wp\/v2\/media\/20337"}],"wp:attachment":[{"href":"https:\/\/jjcardinal.ca\/en\/wp-json\/wp\/v2\/media?parent=20335"}],"wp:term":[{"taxonomy":"category","embeddable":true,"href":"https:\/\/jjcardinal.ca\/en\/wp-json\/wp\/v2\/categories?post=20335"},{"taxonomy":"post_tag","embeddable":true,"href":"https:\/\/jjcardinal.ca\/en\/wp-json\/wp\/v2\/tags?post=20335"}],"curies":[{"name":"wp","href":"https:\/\/api.w.org\/{rel}","templated":true}]}}