{"id":20366,"date":"2021-07-03T12:04:35","date_gmt":"2021-07-03T16:04:35","guid":{"rendered":"https:\/\/jjcardinal.ca\/?p=20366"},"modified":"2021-07-03T16:14:31","modified_gmt":"2021-07-03T20:14:31","slug":"mrs-louise-begin","status":"publish","type":"post","link":"https:\/\/jjcardinal.ca\/en\/mrs-louise-begin\/","title":{"rendered":"Mrs Louise B\u00e9gin"},"content":{"rendered":"<p>1960-2021<\/p>\n<p>&nbsp;<\/p>\n<p>\u00c0 Laval, le samedi 26 juin 2021, est d\u00e9c\u00e9d\u00e9e \u00e0 l\u2019\u00e2ge de 61 ans, Mme Louise B\u00e9gin, \u00e9pouse de Jacques Poirier, fille de feu Louis-Philippe B\u00e9gin et feu Georgette Larriv\u00e9e.<\/p>\n<p>Outre son \u00e9poux, elle laisse dans le deuil, ses belles-filles, Annie Bibeau-Poirier (Vincent D\u00e9ziel), Jackie Bibeau-Poirier (Olivier Beaudoin) et Caroline Bibeau-Poirier (Jean Bernard Demers), ses petits-enfants par alliance, Louis D\u00e9ziel, Laurent D\u00e9ziel, Charlotte D\u00e9ziel, \u00c9l\u00e9onore Beaudoin, \u00c9douard Beaudoin, Liliane Beaudoin et Thomas Demers.<\/p>\n<p>Ses s\u0153urs et son fr\u00e8re, Th\u00e9r\u00e8se B\u00e9gin (Renald Nadeau), Madeleine B\u00e9gin (Michel Larriv\u00e9e), Paul B\u00e9gin, Claire B\u00e9gin (Martin Douville), Fernande B\u00e9gin (Claude Couture), Lucille B\u00e9gin (Jocelyn \u00c9mond), Lorraine B\u00e9gin (Mario Allen) et feu Agathe B\u00e9gin (Andr\u00e9 Michel).<\/p>\n<p>Ses neveux et ni\u00e8ces ainsi que de nombreux parents et amis(es).<\/p>\n<p>&nbsp;<\/p>\n<p>La famille recevra les condol\u00e9ances\u00a0de 17h \u00e0 19h le vendredi 9 juillet au complexe fun\u00e9raire JJ Cardinal au 2125 rue Notre-Dame \u00e0 Lachine et le samedi 10 juillet de 10h \u00e0 12h \u00e0 l\u2019\u00e9glise Saints-Anges, ou la c\u00e9r\u00e9monie se tiendra \u00e0 midi, 1400 boulevard Saint-Joseph \u00e0 Lachine.<\/p>\n<p>&nbsp;<\/p>\n<p>Vos marques de sympathie peuvent se traduire par un don \u00e0\u00a0la Soci\u00e9t\u00e9 de recherche sur le cancer\u00a0:<\/p>\n<p><a href=\"https:\/\/www.societederecherchesurlecancer.ca\/\">https:\/\/www.societederecherchesurlecancer.ca\/<\/a><\/p>\n<p>&nbsp;<\/p>\n<p>&nbsp;<\/p>\n<p>&nbsp;<\/p>\n<p><strong>R\u00c9SIDENCE FUN\u00c9RAIRE J.J. CARDINAL FUNERAL HOME<\/strong><\/p>\n<p>2125, rue Notre-Dame, Lachine (Qu\u00e9bec)\u00a0\u00a0H8S 2G5<\/p>\n<p>T\u00e9l. :\u00a0514-639-1511\u00a0|\u00a0T\u00e9l\u00e9c. :\u00a0514-639-1516\u00a0|\u00a0Courriel :\u00a0<a title=\"info@jjcardinal.ca\" href=\"mailto:info@jjcardinal.ca\">info@jjcardinal.ca<\/a><\/p>\n<p><a title=\"Indications routi\u00e8res\" href=\"https:\/\/goo.gl\/maps\/6TF2f\">Indications routi\u00e8res<\/a>\u00a0|\u00a0<a title=\"Driving Directions\" href=\"https:\/\/www.google.ca\/maps\/place\/2125+Rue+Notre+Dame,+Lachine,+QC+H8S+2G5\/@45.4345984,-73.6860437,17z\/data=!3m1!4b1!4m5!3m4!1s0x4cc91692e9fec1e5:0x1fc08493479c9f78!8m2!3d45.4345984!4d-73.683855?hl=en\">Driving Directions<\/a><\/p>\n<p><a title=\"Pr\u00e9visions m\u00e9t\u00e9orologiques\" href=\"http:\/\/www.meteomedia.com\/weather\/caqc0281\">Pr\u00e9visions m\u00e9t\u00e9orologiques<\/a>\u00a0|\u00a0<a title=\"The Weather Network\" href=\"https:\/\/www.theweathernetwork.com\/ca\">The Weather Network<\/a><\/p>\n","protected":false},"excerpt":{"rendered":"<p>1960-2021 &nbsp; \u00c0 Laval, le samedi 26 juin 2021, est d\u00e9c\u00e9d\u00e9e \u00e0 l\u2019\u00e2ge de 61 ans, Mme Louise B\u00e9gin, \u00e9pouse de Jacques Poirier, fille de feu Louis-Philippe B\u00e9gin et feu Georgette Larriv\u00e9e. Outre son \u00e9poux, elle laisse dans le deuil, ses belles-filles, Annie Bibeau-Poirier (Vincent D\u00e9ziel), Jackie Bibeau-Poirier (Olivier Beaudoin) et Caroline Bibeau-Poirier (Jean Bernard [&hellip;]<\/p>\n","protected":false},"author":7,"featured_media":20376,"comment_status":"open","ping_status":"open","sticky":false,"template":"","format":"standard","meta":{"_seopress_robots_primary_cat":"","_seopress_titles_title":"","_seopress_titles_desc":"","_seopress_robots_index":"","footnotes":""},"categories":[68],"tags":[],"class_list":["post-20366","post","type-post","status-publish","format-standard","has-post-thumbnail","hentry","category-obituaries"],"_links":{"self":[{"href":"https:\/\/jjcardinal.ca\/en\/wp-json\/wp\/v2\/posts\/20366","targetHints":{"allow":["GET"]}}],"collection":[{"href":"https:\/\/jjcardinal.ca\/en\/wp-json\/wp\/v2\/posts"}],"about":[{"href":"https:\/\/jjcardinal.ca\/en\/wp-json\/wp\/v2\/types\/post"}],"author":[{"embeddable":true,"href":"https:\/\/jjcardinal.ca\/en\/wp-json\/wp\/v2\/users\/7"}],"replies":[{"embeddable":true,"href":"https:\/\/jjcardinal.ca\/en\/wp-json\/wp\/v2\/comments?post=20366"}],"version-history":[{"count":1,"href":"https:\/\/jjcardinal.ca\/en\/wp-json\/wp\/v2\/posts\/20366\/revisions"}],"predecessor-version":[{"id":20370,"href":"https:\/\/jjcardinal.ca\/en\/wp-json\/wp\/v2\/posts\/20366\/revisions\/20370"}],"wp:featuredmedia":[{"embeddable":true,"href":"https:\/\/jjcardinal.ca\/en\/wp-json\/wp\/v2\/media\/20376"}],"wp:attachment":[{"href":"https:\/\/jjcardinal.ca\/en\/wp-json\/wp\/v2\/media?parent=20366"}],"wp:term":[{"taxonomy":"category","embeddable":true,"href":"https:\/\/jjcardinal.ca\/en\/wp-json\/wp\/v2\/categories?post=20366"},{"taxonomy":"post_tag","embeddable":true,"href":"https:\/\/jjcardinal.ca\/en\/wp-json\/wp\/v2\/tags?post=20366"}],"curies":[{"name":"wp","href":"https:\/\/api.w.org\/{rel}","templated":true}]}}