{"id":20466,"date":"2021-07-10T13:11:26","date_gmt":"2021-07-10T17:11:26","guid":{"rendered":"https:\/\/jjcardinal.ca\/m-jacques-gollain\/"},"modified":"2021-07-10T13:12:34","modified_gmt":"2021-07-10T17:12:34","slug":"m-jacques-gollain","status":"publish","type":"post","link":"https:\/\/jjcardinal.ca\/en\/m-jacques-gollain\/","title":{"rendered":"Mr. Jacques Gollain"},"content":{"rendered":"<p>1932 \u2013 2021<\/p>\n<p>&nbsp;<\/p>\n<p>Le 6 juillet 2021 est d\u00e9c\u00e9d\u00e9 \u00e0 88 ans Jacques Gollain \u00e9poux de feu Marielle Lavoie.\u00a0 Outre son \u00e9pouse, il rejoint ses filles feu Diane Gollain et feu Nicole Gollain.<\/p>\n<p>Il laisse dans le deuil sa fille France (Jo\u00ebl), ses petits-enfants Karine (Alain), Samuel (Vanessa) et Simon, son beau-fr\u00e8re G\u00e9rald Lavoie (Lise), sa belle-s\u0153ur Huguette Lavoie ainsi que de nombreux parents et amis.<\/p>\n<p>La famille recevra la condol\u00e9ances \u00e0 la R\u00e9sidence fun\u00e9raire J.J. Cardinal, 2125 rue Notre-Dame, Lachine (<a href=\"http:\/\/www.jjcardinal.ca\">www.jjcardinal.ca<\/a> 514-639-1511), le samedi 17 juillet de 10h \u00e0 12h (midi) suivi du service fun\u00e9raire dans la chapelle de la R\u00e9sidence \u00e0 12h (midi).<\/p>\n<p>&nbsp;<\/p>\n<p>&nbsp;<\/p>\n<p>&nbsp;<\/p>\n<p><strong>R\u00c9SIDENCE FUN\u00c9RAIRE J.J. CARDINAL FUNERAL HOME<\/strong><\/p>\n<p>2125, rue Notre-Dame, Lachine (Qu\u00e9bec)\u00a0\u00a0H8S 2G5<\/p>\n<p>T\u00e9l. :\u00a0514-639-1511\u00a0|\u00a0T\u00e9l\u00e9c. :\u00a0514-639-1516\u00a0|\u00a0Courriel :\u00a0<a title=\"info@jjcardinal.ca\" href=\"mailto:info@jjcardinal.ca\">info@jjcardinal.ca<\/a><\/p>\n<p><a title=\"Indications routi\u00e8res\" href=\"https:\/\/goo.gl\/maps\/6TF2f\">Indications routi\u00e8res<\/a>\u00a0|\u00a0<a title=\"Driving Directions\" href=\"https:\/\/www.google.ca\/maps\/place\/2125+Rue+Notre+Dame,+Lachine,+QC+H8S+2G5\/@45.4345984,-73.6860437,17z\/data=!3m1!4b1!4m5!3m4!1s0x4cc91692e9fec1e5:0x1fc08493479c9f78!8m2!3d45.4345984!4d-73.683855?hl=en\">Driving Directions<\/a><\/p>\n<p><a title=\"Pr\u00e9visions m\u00e9t\u00e9orologiques\" href=\"http:\/\/www.meteomedia.com\/weather\/caqc0281\">Pr\u00e9visions m\u00e9t\u00e9orologiques<\/a>\u00a0|\u00a0<a title=\"The Weather Network\" href=\"https:\/\/www.theweathernetwork.com\/ca\">The Weather Network<\/a><\/p>\n<p>&nbsp;<\/p>\n","protected":false},"excerpt":{"rendered":"<p>1932 \u2013 2021 &nbsp; Le 6 juillet 2021 est d\u00e9c\u00e9d\u00e9 \u00e0 88 ans Jacques Gollain \u00e9poux de feu Marielle Lavoie.\u00a0 Outre son \u00e9pouse, il rejoint ses filles feu Diane Gollain et feu Nicole Gollain. Il laisse dans le deuil sa fille France (Jo\u00ebl), ses petits-enfants Karine (Alain), Samuel (Vanessa) et Simon, son beau-fr\u00e8re G\u00e9rald Lavoie [&hellip;]<\/p>\n","protected":false},"author":7,"featured_media":20462,"comment_status":"open","ping_status":"open","sticky":false,"template":"","format":"standard","meta":{"_seopress_robots_primary_cat":"","_seopress_titles_title":"","_seopress_titles_desc":"","_seopress_robots_index":"","footnotes":""},"categories":[68],"tags":[],"class_list":["post-20466","post","type-post","status-publish","format-standard","has-post-thumbnail","hentry","category-obituaries"],"_links":{"self":[{"href":"https:\/\/jjcardinal.ca\/en\/wp-json\/wp\/v2\/posts\/20466","targetHints":{"allow":["GET"]}}],"collection":[{"href":"https:\/\/jjcardinal.ca\/en\/wp-json\/wp\/v2\/posts"}],"about":[{"href":"https:\/\/jjcardinal.ca\/en\/wp-json\/wp\/v2\/types\/post"}],"author":[{"embeddable":true,"href":"https:\/\/jjcardinal.ca\/en\/wp-json\/wp\/v2\/users\/7"}],"replies":[{"embeddable":true,"href":"https:\/\/jjcardinal.ca\/en\/wp-json\/wp\/v2\/comments?post=20466"}],"version-history":[{"count":1,"href":"https:\/\/jjcardinal.ca\/en\/wp-json\/wp\/v2\/posts\/20466\/revisions"}],"predecessor-version":[{"id":20467,"href":"https:\/\/jjcardinal.ca\/en\/wp-json\/wp\/v2\/posts\/20466\/revisions\/20467"}],"wp:featuredmedia":[{"embeddable":true,"href":"https:\/\/jjcardinal.ca\/en\/wp-json\/wp\/v2\/media\/20462"}],"wp:attachment":[{"href":"https:\/\/jjcardinal.ca\/en\/wp-json\/wp\/v2\/media?parent=20466"}],"wp:term":[{"taxonomy":"category","embeddable":true,"href":"https:\/\/jjcardinal.ca\/en\/wp-json\/wp\/v2\/categories?post=20466"},{"taxonomy":"post_tag","embeddable":true,"href":"https:\/\/jjcardinal.ca\/en\/wp-json\/wp\/v2\/tags?post=20466"}],"curies":[{"name":"wp","href":"https:\/\/api.w.org\/{rel}","templated":true}]}}