{"id":21004,"date":"2021-09-26T14:43:34","date_gmt":"2021-09-26T18:43:34","guid":{"rendered":"https:\/\/jjcardinal.ca\/?p=21004"},"modified":"2021-09-28T18:20:45","modified_gmt":"2021-09-28T22:20:45","slug":"mr-claude-montmarquette","status":"publish","type":"post","link":"https:\/\/jjcardinal.ca\/en\/mr-claude-montmarquette\/","title":{"rendered":"Mr. Claude Montmarquette"},"content":{"rendered":"<p>1942-2021<\/p>\n<p>&nbsp;<\/p>\n<p>C\u2019est avec tristesse que nous vous annon\u00e7ons le d\u00e9c\u00e8s de M. Claude Montmarquette, le 08 septembre 2021, \u00e0 l\u2019\u00e2ge de 78 ans.<\/p>\n<p>Il laisse dans le deuil son \u00e9pouse Francine, ses enfants \u00c9ric (Caroline), Daniel (Isabelle), Serge, Isabel et Marc (Rebecca), ses petits-enfants J\u00e9r\u00e9my, Camille, William, Edward, Emma, Alexandre et Luca, son fr\u00e8re Yves (Micheline) et sa s\u0153ur Lise (Normand), ses beaux-fr\u00e8res et belles-s\u0153urs, ses neveux et ni\u00e8ces ainsi que plusieurs amis et coll\u00e8gues.<\/p>\n<p>La famille fera suivre les informations concernant les condol\u00e9ance et la c\u00e9r\u00e9monie comm\u00e9morative sera tenue en priv\u00e9e.<\/p>\n<p>En guise de sympathie, des dons \u00e0 la <a href=\"https:\/\/parkinsonquebec.ca\/en\/i-donate\/\">Soci\u00e9t\u00e9 de Parkinson du Qu\u00e9bec<\/a>, seraient grandement appr\u00e9ci\u00e9s par la famille<\/p>\n<p>Vous \u00eates invit\u00e9s \u00e0 transmettre un message de sympathie \u00e0 la famille en utilisant la section ci-dessous.<\/p>\n<p>&nbsp;<\/p>\n<p><strong>R\u00c9SIDENCE FUN\u00c9RAIRE J.J. CARDINAL FUNERAL HOME<\/strong><\/p>\n<p>2125, rue Notre-Dame, Lachine (Qu\u00e9bec)\u00a0\u00a0H8S 2G5<\/p>\n<p>T\u00e9l. :\u00a0514-639-1511\u00a0|\u00a0T\u00e9l\u00e9c. :\u00a0514-639-1516\u00a0|\u00a0Courriel :\u00a0<a title=\"info@jjcardinal.ca\" href=\"mailto:info@jjcardinal.ca\">info@jjcardinal.ca<\/a><\/p>\n<p><a title=\"Indications routi\u00e8res\" href=\"https:\/\/goo.gl\/maps\/6TF2f\" target=\"_blank\" rel=\"noopener\">Indications routi\u00e8res<\/a>\u00a0|\u00a0<a title=\"Driving Directions\" href=\"https:\/\/www.google.ca\/maps\/place\/2125+Rue+Notre+Dame,+Lachine,+QC+H8S+2G5\/@45.4345984,-73.6860437,17z\/data=!3m1!4b1!4m5!3m4!1s0x4cc91692e9fec1e5:0x1fc08493479c9f78!8m2!3d45.4345984!4d-73.683855?hl=en\" target=\"_blank\" rel=\"noopener\">Driving Directions<\/a><\/p>\n<p><a title=\"Pr\u00e9visions m\u00e9t\u00e9orologiques\" href=\"http:\/\/www.meteomedia.com\/weather\/caqc0281\" target=\"_blank\" rel=\"noopener\">Pr\u00e9visions m\u00e9t\u00e9orologiques<\/a>\u00a0|\u00a0<a title=\"The Weather Network\" href=\"https:\/\/www.theweathernetwork.com\/ca\" target=\"_blank\" rel=\"noopener\">The Weather Network<\/a><\/p>\n","protected":false},"excerpt":{"rendered":"<p>1942-2021 &nbsp; C\u2019est avec tristesse que nous vous annon\u00e7ons le d\u00e9c\u00e8s de M. Claude Montmarquette, le 08 septembre 2021, \u00e0 l\u2019\u00e2ge de 78 ans. Il laisse dans le deuil son \u00e9pouse Francine, ses enfants \u00c9ric (Caroline), Daniel (Isabelle), Serge, Isabel et Marc (Rebecca), ses petits-enfants J\u00e9r\u00e9my, Camille, William, Edward, Emma, Alexandre et Luca, son fr\u00e8re [&hellip;]<\/p>\n","protected":false},"author":7,"featured_media":21002,"comment_status":"open","ping_status":"open","sticky":false,"template":"","format":"standard","meta":{"_seopress_robots_primary_cat":"","_seopress_titles_title":"","_seopress_titles_desc":"","_seopress_robots_index":"","footnotes":""},"categories":[68],"tags":[],"class_list":["post-21004","post","type-post","status-publish","format-standard","has-post-thumbnail","hentry","category-obituaries"],"_links":{"self":[{"href":"https:\/\/jjcardinal.ca\/en\/wp-json\/wp\/v2\/posts\/21004","targetHints":{"allow":["GET"]}}],"collection":[{"href":"https:\/\/jjcardinal.ca\/en\/wp-json\/wp\/v2\/posts"}],"about":[{"href":"https:\/\/jjcardinal.ca\/en\/wp-json\/wp\/v2\/types\/post"}],"author":[{"embeddable":true,"href":"https:\/\/jjcardinal.ca\/en\/wp-json\/wp\/v2\/users\/7"}],"replies":[{"embeddable":true,"href":"https:\/\/jjcardinal.ca\/en\/wp-json\/wp\/v2\/comments?post=21004"}],"version-history":[{"count":3,"href":"https:\/\/jjcardinal.ca\/en\/wp-json\/wp\/v2\/posts\/21004\/revisions"}],"predecessor-version":[{"id":21106,"href":"https:\/\/jjcardinal.ca\/en\/wp-json\/wp\/v2\/posts\/21004\/revisions\/21106"}],"wp:featuredmedia":[{"embeddable":true,"href":"https:\/\/jjcardinal.ca\/en\/wp-json\/wp\/v2\/media\/21002"}],"wp:attachment":[{"href":"https:\/\/jjcardinal.ca\/en\/wp-json\/wp\/v2\/media?parent=21004"}],"wp:term":[{"taxonomy":"category","embeddable":true,"href":"https:\/\/jjcardinal.ca\/en\/wp-json\/wp\/v2\/categories?post=21004"},{"taxonomy":"post_tag","embeddable":true,"href":"https:\/\/jjcardinal.ca\/en\/wp-json\/wp\/v2\/tags?post=21004"}],"curies":[{"name":"wp","href":"https:\/\/api.w.org\/{rel}","templated":true}]}}