{"id":21094,"date":"2021-09-28T18:12:39","date_gmt":"2021-09-28T22:12:39","guid":{"rendered":"https:\/\/jjcardinal.ca\/mme-diane-mcnaughton\/"},"modified":"2021-09-28T18:13:27","modified_gmt":"2021-09-28T22:13:27","slug":"mme-diane-mcnaughton","status":"publish","type":"post","link":"https:\/\/jjcardinal.ca\/en\/mme-diane-mcnaughton\/","title":{"rendered":"Mrs Diane McNaughton"},"content":{"rendered":"<p><strong>1950-2021<\/strong><\/p>\n<p>\u00c0 Montr\u00e9al, le 25 ao\u00fbt 2021, \u00e0 l\u2019\u00e2ge de 71 ans est d\u00e9c\u00e9d\u00e9e Diane McNaughton, fille de feu Delcina Roy et de feu Johnny McNaughton.<\/p>\n<p>Elle laisse dans le deuil son conjoint bien aim\u00e9 Gilles Joly, son fr\u00e8re Daniel, ses s\u0153urs Betty (Pierre), Lise et Anne, ses beaux-fr\u00e8res et belles-s\u0153urs, ses neveux et ni\u00e8ces ainsi que plusieurs parents et amis.<\/p>\n<p>La famille a choisi de comm\u00e9morer en toute intimit\u00e9.<\/p>\n<p>&nbsp;<\/p>\n<p>&nbsp;<\/p>\n<p><strong>R\u00c9SIDENCE FUN\u00c9RAIRE J.J. CARDINAL FUNERAL HOME<\/strong><\/p>\n<p>2125, rue Notre-Dame, Lachine (Qu\u00e9bec)\u00a0\u00a0H8S 2G5<\/p>\n<p>T\u00e9l. :\u00a0514-639-1511\u00a0|\u00a0T\u00e9l\u00e9c. :\u00a0514-639-1516\u00a0|\u00a0Courriel :\u00a0<a title=\"info@jjcardinal.ca\" href=\"mailto:info@jjcardinal.ca\">info@jjcardinal.ca<\/a><\/p>\n<p><a title=\"Indications routi\u00e8res\" href=\"https:\/\/goo.gl\/maps\/6TF2f\" target=\"_blank\" rel=\"noopener\">Indications routi\u00e8res<\/a>\u00a0|\u00a0<a title=\"Driving Directions\" href=\"https:\/\/www.google.ca\/maps\/place\/2125+Rue+Notre+Dame,+Lachine,+QC+H8S+2G5\/@45.4345984,-73.6860437,17z\/data=!3m1!4b1!4m5!3m4!1s0x4cc91692e9fec1e5:0x1fc08493479c9f78!8m2!3d45.4345984!4d-73.683855?hl=en\" target=\"_blank\" rel=\"noopener\">Driving Directions<\/a><\/p>\n<p><a title=\"Pr\u00e9visions m\u00e9t\u00e9orologiques\" href=\"http:\/\/www.meteomedia.com\/weather\/caqc0281\" target=\"_blank\" rel=\"noopener\">Pr\u00e9visions m\u00e9t\u00e9orologiques<\/a>\u00a0|\u00a0<a title=\"The Weather Network\" href=\"https:\/\/www.theweathernetwork.com\/ca\" target=\"_blank\" rel=\"noopener\">The Weather Network<\/a><\/p>\n","protected":false},"excerpt":{"rendered":"<p>1950-2021 \u00c0 Montr\u00e9al, le 25 ao\u00fbt 2021, \u00e0 l\u2019\u00e2ge de 71 ans est d\u00e9c\u00e9d\u00e9e Diane McNaughton, fille de feu Delcina Roy et de feu Johnny McNaughton. Elle laisse dans le deuil son conjoint bien aim\u00e9 Gilles Joly, son fr\u00e8re Daniel, ses s\u0153urs Betty (Pierre), Lise et Anne, ses beaux-fr\u00e8res et belles-s\u0153urs, ses neveux et ni\u00e8ces [&hellip;]<\/p>\n","protected":false},"author":7,"featured_media":21091,"comment_status":"open","ping_status":"open","sticky":false,"template":"","format":"standard","meta":{"_seopress_robots_primary_cat":"","_seopress_titles_title":"","_seopress_titles_desc":"","_seopress_robots_index":"","footnotes":""},"categories":[68],"tags":[],"class_list":["post-21094","post","type-post","status-publish","format-standard","has-post-thumbnail","hentry","category-obituaries"],"_links":{"self":[{"href":"https:\/\/jjcardinal.ca\/en\/wp-json\/wp\/v2\/posts\/21094","targetHints":{"allow":["GET"]}}],"collection":[{"href":"https:\/\/jjcardinal.ca\/en\/wp-json\/wp\/v2\/posts"}],"about":[{"href":"https:\/\/jjcardinal.ca\/en\/wp-json\/wp\/v2\/types\/post"}],"author":[{"embeddable":true,"href":"https:\/\/jjcardinal.ca\/en\/wp-json\/wp\/v2\/users\/7"}],"replies":[{"embeddable":true,"href":"https:\/\/jjcardinal.ca\/en\/wp-json\/wp\/v2\/comments?post=21094"}],"version-history":[{"count":1,"href":"https:\/\/jjcardinal.ca\/en\/wp-json\/wp\/v2\/posts\/21094\/revisions"}],"predecessor-version":[{"id":21095,"href":"https:\/\/jjcardinal.ca\/en\/wp-json\/wp\/v2\/posts\/21094\/revisions\/21095"}],"wp:featuredmedia":[{"embeddable":true,"href":"https:\/\/jjcardinal.ca\/en\/wp-json\/wp\/v2\/media\/21091"}],"wp:attachment":[{"href":"https:\/\/jjcardinal.ca\/en\/wp-json\/wp\/v2\/media?parent=21094"}],"wp:term":[{"taxonomy":"category","embeddable":true,"href":"https:\/\/jjcardinal.ca\/en\/wp-json\/wp\/v2\/categories?post=21094"},{"taxonomy":"post_tag","embeddable":true,"href":"https:\/\/jjcardinal.ca\/en\/wp-json\/wp\/v2\/tags?post=21094"}],"curies":[{"name":"wp","href":"https:\/\/api.w.org\/{rel}","templated":true}]}}