{"id":21333,"date":"2021-10-22T15:11:10","date_gmt":"2021-10-22T19:11:10","guid":{"rendered":"https:\/\/jjcardinal.ca\/?p=21333"},"modified":"2021-10-23T18:10:09","modified_gmt":"2021-10-23T22:10:09","slug":"mme-georgette-st-onge","status":"publish","type":"post","link":"https:\/\/jjcardinal.ca\/en\/mme-georgette-st-onge\/","title":{"rendered":"Mrs. Georgette St-Onge"},"content":{"rendered":"<p>1934 \u2013 2021<\/p>\n<p>&nbsp;<\/p>\n<p>\u00c0 Verdun, \u00e0 l\u2019\u00e2ge de 87 ans, est d\u00e9c\u00e9d\u00e9e Madame Georgette St-Onge, \u00e9pouse de feu Maurice Langlais.<\/p>\n<p>Elle laisse dans le deuil ses s\u0153urs Simone, H\u00e9l\u00e8ne et Nicole, ses neveux et ni\u00e8ces ainsi que plusieurs parents et amis.<\/p>\n<p>La famille recevra les condol\u00e9ances \u00e0 l\u2019\u00e9glise des Sts-Anges, 1400 boul. St-Joseph, Lachine le 29 octobre 2021 de 9h \u00e0 10h suivi du service fun\u00e9raire \u00e0 10h.\u00a0 L\u2019inhumation au Cimeti\u00e8re Lachine, 2360 rue Provost, Lachine suivra le service.<\/p>\n<p>&nbsp;<\/p>\n<p><strong>R\u00c9SIDENCE FUN\u00c9RAIRE J.J. CARDINAL FUNERAL HOME<\/strong><\/p>\n<p>2125, rue Notre-Dame, Lachine (Qu\u00e9bec)\u00a0\u00a0H8S 2G5<\/p>\n<p>T\u00e9l. :\u00a0514-639-1511\u00a0|\u00a0T\u00e9l\u00e9c. :\u00a0514-639-1516\u00a0|\u00a0Courriel :\u00a0<a title=\"info@jjcardinal.ca\" href=\"mailto:info@jjcardinal.ca\">info@jjcardinal.ca<\/a><\/p>\n<p><a title=\"Indications routi\u00e8res\" href=\"https:\/\/goo.gl\/maps\/6TF2f\" target=\"_blank\" rel=\"noopener\">Indications routi\u00e8res<\/a>\u00a0|\u00a0<a title=\"Driving Directions\" href=\"https:\/\/www.google.ca\/maps\/place\/2125+Rue+Notre+Dame,+Lachine,+QC+H8S+2G5\/@45.4345984,-73.6860437,17z\/data=!3m1!4b1!4m5!3m4!1s0x4cc91692e9fec1e5:0x1fc08493479c9f78!8m2!3d45.4345984!4d-73.683855?hl=en\" target=\"_blank\" rel=\"noopener\">Driving Directions<\/a><\/p>\n<p><a title=\"Pr\u00e9visions m\u00e9t\u00e9orologiques\" href=\"http:\/\/www.meteomedia.com\/weather\/caqc0281\" target=\"_blank\" rel=\"noopener\">Pr\u00e9visions m\u00e9t\u00e9orologiques<\/a>\u00a0|\u00a0<a title=\"The Weather Network\" href=\"https:\/\/www.theweathernetwork.com\/ca\" target=\"_blank\" rel=\"noopener\">The Weather Network<\/a><\/p>\n","protected":false},"excerpt":{"rendered":"<p>1934 \u2013 2021 &nbsp; \u00c0 Verdun, \u00e0 l\u2019\u00e2ge de 87 ans, est d\u00e9c\u00e9d\u00e9e Madame Georgette St-Onge, \u00e9pouse de feu Maurice Langlais. Elle laisse dans le deuil ses s\u0153urs Simone, H\u00e9l\u00e8ne et Nicole, ses neveux et ni\u00e8ces ainsi que plusieurs parents et amis. La famille recevra les condol\u00e9ances \u00e0 l\u2019\u00e9glise des Sts-Anges, 1400 boul. St-Joseph, Lachine [&hellip;]<\/p>\n","protected":false},"author":7,"featured_media":21331,"comment_status":"open","ping_status":"open","sticky":false,"template":"","format":"standard","meta":{"_seopress_robots_primary_cat":"","_seopress_titles_title":"","_seopress_titles_desc":"","_seopress_robots_index":"","footnotes":""},"categories":[68],"tags":[],"class_list":["post-21333","post","type-post","status-publish","format-standard","has-post-thumbnail","hentry","category-obituaries"],"_links":{"self":[{"href":"https:\/\/jjcardinal.ca\/en\/wp-json\/wp\/v2\/posts\/21333","targetHints":{"allow":["GET"]}}],"collection":[{"href":"https:\/\/jjcardinal.ca\/en\/wp-json\/wp\/v2\/posts"}],"about":[{"href":"https:\/\/jjcardinal.ca\/en\/wp-json\/wp\/v2\/types\/post"}],"author":[{"embeddable":true,"href":"https:\/\/jjcardinal.ca\/en\/wp-json\/wp\/v2\/users\/7"}],"replies":[{"embeddable":true,"href":"https:\/\/jjcardinal.ca\/en\/wp-json\/wp\/v2\/comments?post=21333"}],"version-history":[{"count":3,"href":"https:\/\/jjcardinal.ca\/en\/wp-json\/wp\/v2\/posts\/21333\/revisions"}],"predecessor-version":[{"id":21375,"href":"https:\/\/jjcardinal.ca\/en\/wp-json\/wp\/v2\/posts\/21333\/revisions\/21375"}],"wp:featuredmedia":[{"embeddable":true,"href":"https:\/\/jjcardinal.ca\/en\/wp-json\/wp\/v2\/media\/21331"}],"wp:attachment":[{"href":"https:\/\/jjcardinal.ca\/en\/wp-json\/wp\/v2\/media?parent=21333"}],"wp:term":[{"taxonomy":"category","embeddable":true,"href":"https:\/\/jjcardinal.ca\/en\/wp-json\/wp\/v2\/categories?post=21333"},{"taxonomy":"post_tag","embeddable":true,"href":"https:\/\/jjcardinal.ca\/en\/wp-json\/wp\/v2\/tags?post=21333"}],"curies":[{"name":"wp","href":"https:\/\/api.w.org\/{rel}","templated":true}]}}