{"id":21601,"date":"2021-11-16T10:22:42","date_gmt":"2021-11-16T15:22:42","guid":{"rendered":"https:\/\/jjcardinal.ca\/m-daniel-proteau\/"},"modified":"2021-11-16T10:23:34","modified_gmt":"2021-11-16T15:23:34","slug":"m-daniel-proteau","status":"publish","type":"post","link":"https:\/\/jjcardinal.ca\/en\/m-daniel-proteau\/","title":{"rendered":"Mr. Daniel Proteau"},"content":{"rendered":"<p>1963-2021<\/p>\n<p>Le 5 novembre 2021, \u00e0 l&#8217;\u00e2ge de 58 ans est d\u00e9c\u00e9d\u00e9 M. Daniel Proteau. Il laisse dans le deuil sa m\u00e8re, R\u00e9jeanne Quesnel, ses s\u0153urs Gina (Gino Sposato) et Tania, son fr\u00e8re St\u00e9phane, ses neveux et ni\u00e8ces Jonathan, Mikael, Jessica, Christopher, Angela et Christina ainsi qu&#8217;autres<br \/>\nparents et amis.<\/p>\n<p>La famille recevra les condol\u00e9ances le dimanche 21 novembre de 14 \u00e0 17h suivi de la c\u00e9r\u00e9monie en chapelle \u00e0 la r\u00e9sidence fun\u00e9raire J.J. Cardinal, 560 Lakeshore Dr., Dorval H9S2B3.<\/p>\n<p>&nbsp;<\/p>\n<p>&nbsp;<\/p>\n<p><strong>R\u00c9SIDENCE FUN\u00c9RAIRE J.J. CARDINAL FUNERAL HOME<\/strong><\/p>\n<p>560 ch. Bord du Lac, Dorval (Qu\u00e9bec)\u00a0\u00a0H9S 2B3<\/p>\n<p>T\u00e9l. : 514-631-1511 | T\u00e9l\u00e9c. : 514-631-1516 | Courriel :\u00a0<a title=\"info@jjcardinal.ca\" href=\"mailto:info@jjcardinal.ca\">info@jjcardinal.ca<\/a><\/p>\n<p><a title=\"Indications routi\u00e8res\" href=\"https:\/\/goo.gl\/maps\/6TF2f\" target=\"_blank\" rel=\"noopener\">Indications routi\u00e8res<\/a>\u00a0|\u00a0<a title=\"Driving Directions\" href=\"https:\/\/www.google.ca\/maps\/place\/2125+Rue+Notre+Dame,+Lachine,+QC+H8S+2G5\/@45.4345984,-73.6860437,17z\/data=!3m1!4b1!4m5!3m4!1s0x4cc91692e9fec1e5:0x1fc08493479c9f78!8m2!3d45.4345984!4d-73.683855?hl=en\" target=\"_blank\" rel=\"noopener\">Driving Directions<\/a><\/p>\n<p><a title=\"Pr\u00e9visions m\u00e9t\u00e9orologiques\" href=\"http:\/\/www.meteomedia.com\/weather\/caqc0281\" target=\"_blank\" rel=\"noopener\">Pr\u00e9visions m\u00e9t\u00e9orologiques<\/a>\u00a0|\u00a0<a title=\"The Weather Network\" href=\"https:\/\/www.theweathernetwork.com\/ca\" target=\"_blank\" rel=\"noopener\">The Weather Network<\/a><\/p>\n","protected":false},"excerpt":{"rendered":"<p>1963-2021 Le 5 novembre 2021, \u00e0 l&#8217;\u00e2ge de 58 ans est d\u00e9c\u00e9d\u00e9 M. Daniel Proteau. Il laisse dans le deuil sa m\u00e8re, R\u00e9jeanne Quesnel, ses s\u0153urs Gina (Gino Sposato) et Tania, son fr\u00e8re St\u00e9phane, ses neveux et ni\u00e8ces Jonathan, Mikael, Jessica, Christopher, Angela et Christina ainsi qu&#8217;autres parents et amis. La famille recevra les condol\u00e9ances [&hellip;]<\/p>\n","protected":false},"author":7,"featured_media":21597,"comment_status":"open","ping_status":"open","sticky":false,"template":"","format":"standard","meta":{"_seopress_robots_primary_cat":"","_seopress_titles_title":"","_seopress_titles_desc":"","_seopress_robots_index":"","footnotes":""},"categories":[68],"tags":[],"class_list":["post-21601","post","type-post","status-publish","format-standard","has-post-thumbnail","hentry","category-obituaries"],"_links":{"self":[{"href":"https:\/\/jjcardinal.ca\/en\/wp-json\/wp\/v2\/posts\/21601","targetHints":{"allow":["GET"]}}],"collection":[{"href":"https:\/\/jjcardinal.ca\/en\/wp-json\/wp\/v2\/posts"}],"about":[{"href":"https:\/\/jjcardinal.ca\/en\/wp-json\/wp\/v2\/types\/post"}],"author":[{"embeddable":true,"href":"https:\/\/jjcardinal.ca\/en\/wp-json\/wp\/v2\/users\/7"}],"replies":[{"embeddable":true,"href":"https:\/\/jjcardinal.ca\/en\/wp-json\/wp\/v2\/comments?post=21601"}],"version-history":[{"count":1,"href":"https:\/\/jjcardinal.ca\/en\/wp-json\/wp\/v2\/posts\/21601\/revisions"}],"predecessor-version":[{"id":21602,"href":"https:\/\/jjcardinal.ca\/en\/wp-json\/wp\/v2\/posts\/21601\/revisions\/21602"}],"wp:featuredmedia":[{"embeddable":true,"href":"https:\/\/jjcardinal.ca\/en\/wp-json\/wp\/v2\/media\/21597"}],"wp:attachment":[{"href":"https:\/\/jjcardinal.ca\/en\/wp-json\/wp\/v2\/media?parent=21601"}],"wp:term":[{"taxonomy":"category","embeddable":true,"href":"https:\/\/jjcardinal.ca\/en\/wp-json\/wp\/v2\/categories?post=21601"},{"taxonomy":"post_tag","embeddable":true,"href":"https:\/\/jjcardinal.ca\/en\/wp-json\/wp\/v2\/tags?post=21601"}],"curies":[{"name":"wp","href":"https:\/\/api.w.org\/{rel}","templated":true}]}}