{"id":21910,"date":"2021-12-31T14:52:14","date_gmt":"2021-12-31T19:52:14","guid":{"rendered":"https:\/\/jjcardinal.ca\/?p=21910"},"modified":"2022-01-04T15:02:10","modified_gmt":"2022-01-04T20:02:10","slug":"mme-madeleine-mallette-nee-comeau","status":"publish","type":"post","link":"https:\/\/jjcardinal.ca\/en\/mme-madeleine-mallette-nee-comeau\/","title":{"rendered":"Mrs. Madeleine Mallette (n\u00e9e Comeau)"},"content":{"rendered":"<p>1923 &#8211; 2021.<\/p>\n<p>&nbsp;<\/p>\n<p>Entour\u00e9e de ses enfants, le 19 d\u00e9cembre 2021, est d\u00e9c\u00e9d\u00e9e \u00e0 l\u2019\u00e2ge de 98 ans, Madeleine Mallette, n\u00e9e Comeau, \u00e9pouse de feu No\u00ebl Mallette.<\/p>\n<p>&nbsp;<\/p>\n<p>Elle laisse dans le deuil ses enfants, Lise (Pierre T\u00e9treault), Nicole (Gabriel Masson), Jocelyne (L\u00e9andre Maillet) et Jacques (Sylvie Bergeron), 2 de ses fr\u00e8res et s\u0153urs: Roland (Lise Charpentier) et Hubert\u00a0(Th\u00e9r\u00e8se Fournier), son beau-fr\u00e8re Fran\u00e7ois Martin (feu Claire Comeau), sa belle-s\u0153ur Jacline Dupuis (feu Lucien Comeau ), ses petits-enfants : Genevi\u00e8ve, Anne-Marie et Mich\u00e8le T\u00e9treault, Alexandre Masson, Fran\u00e7ois et David Maillet , Marie-H\u00e9l\u00e8ne et Caroline Mallette ; ses 4 arri\u00e8re-petits-enfants ainsi que plusieurs neveux et ni\u00e8ces, parents et amis.<\/p>\n<p>&nbsp;<\/p>\n<p>Elle \u00e9tait \u00e9galement la s\u0153ur de feu Abb\u00e9 Marcel\u00a0Comeau, feu R\u00e9jeanne (feu Paul Addison) et feu Suzanne (feu Maurice Martin).<\/p>\n<p>&nbsp;<\/p>\n<p><strong>Compte tenu des nouvelles directives li\u00e9es \u00e0 la pand\u00e9mie, les fun\u00e9railles sont limit\u00e9es \u00e0 la famille imm\u00e9diate, ie: enfants et conjoints, petits-enfants et conjoints, fr\u00e8res et conjointes.<\/strong><\/p>\n<p>Elles se d\u00e9rouleront par ailleurs uniquement le vendredi 7 janvier \u00e0 compter de de 10 heures. Les visites du jeudi 6 janvier sont annul\u00e9es.<\/p>\n<p>Pour tous ceux et celles qui ne pourront \u00eatre l\u00e0, votre pr\u00e9sence aurait \u00e9t\u00e9 appr\u00e9ci\u00e9e mais nous savons que vos pens\u00e9es nous accompagnent et nous confortent.<\/p>\n<p><strong>Pour ceux qui le d\u00e9sirent, vous pourrez assister \u00e0 la c\u00e9l\u00e9bration sur Zoom le vendredi 7 d\u00e9cembre \u00e0 compter de 11 heures 30.<\/strong> Pour ce faire, veuillez entrer en contact avec la famille pour recevoir le lien de connexion Zoom.<\/p>\n<p>&nbsp;<\/p>\n<p>Nous tenons \u00e0 remercier les membres du personnel du 10i\u00e8me \u00e9tage du CHSLD Manoir de Verdun pour leur grand d\u00e9vouement et toute l\u2019aide qu\u2019ils nous ont apport\u00e9e.<\/p>\n<p>&nbsp;<\/p>\n<p><strong>R\u00c9SIDENCE FUN\u00c9RAIRE J.J. CARDINAL FUNERAL HOME<\/strong><\/p>\n<p>2125, rue Notre-Dame, Lachine (Qu\u00e9bec)\u00a0\u00a0H8S 2G5<\/p>\n<p>T\u00e9l. :\u00a0514-639-1511\u00a0|\u00a0T\u00e9l\u00e9c. :\u00a0514-639-1516\u00a0|\u00a0Courriel :\u00a0<a title=\"info@jjcardinal.ca\" href=\"mailto:info@jjcardinal.ca\">info@jjcardinal.ca<\/a><\/p>\n<p><a title=\"Indications routi\u00e8res\" href=\"https:\/\/goo.gl\/maps\/6TF2f\" target=\"_blank\" rel=\"noopener\">Indications routi\u00e8res<\/a>\u00a0|\u00a0<a title=\"Driving Directions\" href=\"https:\/\/www.google.ca\/maps\/place\/2125+Rue+Notre+Dame,+Lachine,+QC+H8S+2G5\/@45.4345984,-73.6860437,17z\/data=!3m1!4b1!4m5!3m4!1s0x4cc91692e9fec1e5:0x1fc08493479c9f78!8m2!3d45.4345984!4d-73.683855?hl=en\" target=\"_blank\" rel=\"noopener\">Driving Directions<\/a><\/p>\n<p><a title=\"Pr\u00e9visions m\u00e9t\u00e9orologiques\" href=\"http:\/\/www.meteomedia.com\/weather\/caqc0281\" target=\"_blank\" rel=\"noopener\">Pr\u00e9visions m\u00e9t\u00e9orologiques<\/a>\u00a0|\u00a0<a title=\"The Weather Network\" href=\"https:\/\/www.theweathernetwork.com\/ca\" target=\"_blank\" rel=\"noopener\">The Weather Network<\/a><\/p>\n","protected":false},"excerpt":{"rendered":"<p>1923 &#8211; 2021. &nbsp; Entour\u00e9e de ses enfants, le 19 d\u00e9cembre 2021, est d\u00e9c\u00e9d\u00e9e \u00e0 l\u2019\u00e2ge de 98 ans, Madeleine Mallette, n\u00e9e Comeau, \u00e9pouse de feu No\u00ebl Mallette. &nbsp; Elle laisse dans le deuil ses enfants, Lise (Pierre T\u00e9treault), Nicole (Gabriel Masson), Jocelyne (L\u00e9andre Maillet) et Jacques (Sylvie Bergeron), 2 de ses fr\u00e8res et s\u0153urs: [&hellip;]<\/p>\n","protected":false},"author":7,"featured_media":21908,"comment_status":"open","ping_status":"open","sticky":false,"template":"","format":"standard","meta":{"_seopress_robots_primary_cat":"","_seopress_titles_title":"","_seopress_titles_desc":"","_seopress_robots_index":"","footnotes":""},"categories":[68],"tags":[],"class_list":["post-21910","post","type-post","status-publish","format-standard","has-post-thumbnail","hentry","category-obituaries"],"_links":{"self":[{"href":"https:\/\/jjcardinal.ca\/en\/wp-json\/wp\/v2\/posts\/21910","targetHints":{"allow":["GET"]}}],"collection":[{"href":"https:\/\/jjcardinal.ca\/en\/wp-json\/wp\/v2\/posts"}],"about":[{"href":"https:\/\/jjcardinal.ca\/en\/wp-json\/wp\/v2\/types\/post"}],"author":[{"embeddable":true,"href":"https:\/\/jjcardinal.ca\/en\/wp-json\/wp\/v2\/users\/7"}],"replies":[{"embeddable":true,"href":"https:\/\/jjcardinal.ca\/en\/wp-json\/wp\/v2\/comments?post=21910"}],"version-history":[{"count":5,"href":"https:\/\/jjcardinal.ca\/en\/wp-json\/wp\/v2\/posts\/21910\/revisions"}],"predecessor-version":[{"id":21955,"href":"https:\/\/jjcardinal.ca\/en\/wp-json\/wp\/v2\/posts\/21910\/revisions\/21955"}],"wp:featuredmedia":[{"embeddable":true,"href":"https:\/\/jjcardinal.ca\/en\/wp-json\/wp\/v2\/media\/21908"}],"wp:attachment":[{"href":"https:\/\/jjcardinal.ca\/en\/wp-json\/wp\/v2\/media?parent=21910"}],"wp:term":[{"taxonomy":"category","embeddable":true,"href":"https:\/\/jjcardinal.ca\/en\/wp-json\/wp\/v2\/categories?post=21910"},{"taxonomy":"post_tag","embeddable":true,"href":"https:\/\/jjcardinal.ca\/en\/wp-json\/wp\/v2\/tags?post=21910"}],"curies":[{"name":"wp","href":"https:\/\/api.w.org\/{rel}","templated":true}]}}