{"id":22280,"date":"2022-02-01T10:43:26","date_gmt":"2022-02-01T15:43:26","guid":{"rendered":"https:\/\/jjcardinal.ca\/?p=22280"},"modified":"2022-02-01T10:43:26","modified_gmt":"2022-02-01T15:43:26","slug":"mr-raymond-lauzon","status":"publish","type":"post","link":"https:\/\/jjcardinal.ca\/en\/mr-raymond-lauzon\/","title":{"rendered":"Mr. Raymond Lauzon"},"content":{"rendered":"<p><strong>LAUZON, Raymond \u00ad<\/strong><\/p>\n<p><em> 1935-2022<\/em><\/p>\n<p>&nbsp;<\/p>\n<p>It is with great sadness that we announce the passing of my father, Raymond Lauzon, on January 24, 2022, at the Centre\u00a0d&#8217;Hebergement de Lachine\u00a0after a long illness with Parkinson Disease and ultimately Covid-19.\u00a0 He was predeceased by his wife of 54 years, Nicole (December, 2020) and leaves to mourn his cherished daughter, Natalie (Forston) and his grandson, Kerner of Vancouver. Raymond was the son of Eddy Lauzon and Regina Roy. He had many siblings Marcelle (Edgar), Guy (Pierrette), Julien (Jacqueline), C\u00e9line (Alec), Th\u00e9r\u00e8se (Marcel), Pierrette (R\u00e9jean), Johnny (Pauline), along with many nieces, nephews, cousins and dear friends. He spent his youth in Ste Anne de Bellevue and then settled in Dorval.<\/p>\n<p>&nbsp;<\/p>\n<p>His career of over 35 years at Bell Canada included postings in Saudi Arabia, Nigeria and the Philippines and during these assignments he traveled the world with his family.\u00a0Raymond was dedicated to his community of Dorval serving two mandates as councillor\u00a0for the City.\u00a0He held countless positions including Board of Directors of the Hospital de Lachine,\u00a0past president, and active member of the Dorval Oldtimers Hockey Association for over 30 years, several mandates as warden of the St. Veronica Parish, Board of Directors and member of the Dorval Golf Club and president of the St. Veronica&#8217;s Seniors Group for 13 years.<\/p>\n<p>&nbsp;<\/p>\n<p>As we walk around our house, we see Ray everywhere. Not in pictures but in projects. He was a gifted handyman and even that doesn\u2019t do justice to what he could do. He could see the whole project in his head and how to execute it. Going about his tasks with trips to RONA and Canadian Tire, he never lost his cool. He always looked forward, never backwards. And he did not just help us, but many friends and neighbours as well. Flying the length of the country to help with decks, patios, flooring, and garages. He did it with goodness and positivity, and not just a little stubbornness. As he built, he didn\u2019t say much. He worked hard, something that frustrated and worried those around him. We admire him for his devotion. We cannot reflect on those times and not feel changed for the better. When we reflect on his tremendous involvement with the community of Dorval, it all makes sense. His love of being engaged with people and tasks. He did not see it as a burden but an opportunity to give of himself.<\/p>\n<p>&nbsp;<\/p>\n<p>Special thanks to the staff of the CHSLD Lachine, Father Fred Kirouac, pastor of St. Veronica&#8217;s parish and his dedicated nephew, Alain Grenier\u00a0for whose enduring presence and\u00a0support, the family\u00a0will be forever indebted.<\/p>\n<p>&nbsp;<\/p>\n<p>Due to the current restrictions, a\u00a0celebration of his life will take place at a later date at\u00a0St. Veronica&#8217;s when friends and family can gather.\u00a0Donations in his memory may be made to the CHSLD Lachine, Parkinson Canada or NOVA West Island.<\/p>\n<p>&nbsp;<\/p>\n<p>We wish to express our gratitude to the City of Dorval for expressing its sympathy by placing its flag at half-mast in honor of Raymond.<\/p>\n<p>&nbsp;<\/p>\n<p>&nbsp;<\/p>\n<p>&nbsp;<\/p>\n<p><strong>R\u00c9SIDENCE FUN\u00c9RAIRE J.J. CARDINAL FUNERAL HOME<\/strong><\/p>\n<p>560 ch. Bord du Lac, Dorval (Qu\u00e9bec)\u00a0\u00a0H9S 2B3<\/p>\n<p>T\u00e9l. : 514-631-1511 | T\u00e9l\u00e9c. : 514-631-1516 | Courriel :\u00a0<u><a title=\"info@jjcardinal.ca\" href=\"mailto:info@jjcardinal.ca\">info@jjcardinal.ca<\/a><\/u><\/p>\n<p><u><a title=\"Indications routi\u00e8res\" href=\"https:\/\/goo.gl\/maps\/6TF2f\" target=\"_blank\" rel=\"noopener\">Indications routi\u00e8res<\/a><\/u>\u00a0|\u00a0<u><a title=\"Driving Directions\" href=\"https:\/\/www.google.ca\/maps\/place\/2125+Rue+Notre+Dame,+Lachine,+QC+H8S+2G5\/@45.4345984,-73.6860437,17z\/data=!3m1!4b1!4m5!3m4!1s0x4cc91692e9fec1e5:0x1fc08493479c9f78!8m2!3d45.4345984!4d-73.683855?hl=en\" target=\"_blank\" rel=\"noopener\">Driving Directions<\/a><\/u><\/p>\n<p><u><a title=\"Pr\u00e9visions m\u00e9t\u00e9orologiques\" href=\"http:\/\/www.meteomedia.com\/weather\/caqc0281\" target=\"_blank\" rel=\"noopener\">Pr\u00e9visions m\u00e9t\u00e9orologiques<\/a><\/u>\u00a0|\u00a0<u><a title=\"The Weather Network\" href=\"https:\/\/www.theweathernetwork.com\/ca\" target=\"_blank\" rel=\"noopener\">The Weather Network<\/a><\/u><\/p>\n<p>&nbsp;<\/p>\n","protected":false},"excerpt":{"rendered":"<p>LAUZON, Raymond \u00ad 1935-2022 &nbsp; It is with great sadness that we announce the passing of my father, Raymond Lauzon, on January 24, 2022, at the Centre\u00a0d&#8217;Hebergement de Lachine\u00a0after a long illness with Parkinson Disease and ultimately Covid-19.\u00a0 He was predeceased by his wife of 54 years, Nicole (December, 2020) and leaves to mourn his [&hellip;]<\/p>\n","protected":false},"author":58,"featured_media":22278,"comment_status":"open","ping_status":"open","sticky":false,"template":"","format":"standard","meta":{"_seopress_robots_primary_cat":"","_seopress_titles_title":"","_seopress_titles_desc":"","_seopress_robots_index":"","footnotes":""},"categories":[68],"tags":[],"class_list":["post-22280","post","type-post","status-publish","format-standard","has-post-thumbnail","hentry","category-obituaries"],"_links":{"self":[{"href":"https:\/\/jjcardinal.ca\/en\/wp-json\/wp\/v2\/posts\/22280","targetHints":{"allow":["GET"]}}],"collection":[{"href":"https:\/\/jjcardinal.ca\/en\/wp-json\/wp\/v2\/posts"}],"about":[{"href":"https:\/\/jjcardinal.ca\/en\/wp-json\/wp\/v2\/types\/post"}],"author":[{"embeddable":true,"href":"https:\/\/jjcardinal.ca\/en\/wp-json\/wp\/v2\/users\/58"}],"replies":[{"embeddable":true,"href":"https:\/\/jjcardinal.ca\/en\/wp-json\/wp\/v2\/comments?post=22280"}],"version-history":[{"count":1,"href":"https:\/\/jjcardinal.ca\/en\/wp-json\/wp\/v2\/posts\/22280\/revisions"}],"predecessor-version":[{"id":22281,"href":"https:\/\/jjcardinal.ca\/en\/wp-json\/wp\/v2\/posts\/22280\/revisions\/22281"}],"wp:featuredmedia":[{"embeddable":true,"href":"https:\/\/jjcardinal.ca\/en\/wp-json\/wp\/v2\/media\/22278"}],"wp:attachment":[{"href":"https:\/\/jjcardinal.ca\/en\/wp-json\/wp\/v2\/media?parent=22280"}],"wp:term":[{"taxonomy":"category","embeddable":true,"href":"https:\/\/jjcardinal.ca\/en\/wp-json\/wp\/v2\/categories?post=22280"},{"taxonomy":"post_tag","embeddable":true,"href":"https:\/\/jjcardinal.ca\/en\/wp-json\/wp\/v2\/tags?post=22280"}],"curies":[{"name":"wp","href":"https:\/\/api.w.org\/{rel}","templated":true}]}}