{"id":22302,"date":"2022-02-04T13:33:48","date_gmt":"2022-02-04T18:33:48","guid":{"rendered":"https:\/\/jjcardinal.ca\/?p=22302"},"modified":"2022-02-04T17:46:10","modified_gmt":"2022-02-04T22:46:10","slug":"mr-george-valentin-sarry","status":"publish","type":"post","link":"https:\/\/jjcardinal.ca\/en\/mr-george-valentin-sarry\/","title":{"rendered":"Mr. George Valentin Sarry"},"content":{"rendered":"<p><strong><u>George Valentin Sarry<\/u><\/strong><\/p>\n<p><em><u>1928-2022<\/u><\/em><\/p>\n<p>&nbsp;<\/p>\n<p>&nbsp;<\/p>\n<p>It is with heavy hearts that we share news of the passing of George<\/p>\n<p>Valentin Sarry at the age of 94. He will be greatly missed by his loving wife of 58 years, Esther (n\u00e9e Morin), his two daughters, Kathy (Jim) and Doris (Giuseppe) as well as his three granddaughters, Erika (Nico), Gillian and Elizabeth.<\/p>\n<p>&nbsp;<\/p>\n<p>Born in Constanta, Romania, the son of Louisa Baker (of British origin) and Dumitru Sarry (of Greek decent), George had eight siblings, all of whom predeceased him.\u00a0 He grew up during the Great Depression and WW II. In November 1949, at age 21, George was abducted by agents of the Romanian Communist regime while on his way to work as a messenger for the British Consulate in Constanta.<\/p>\n<p>&nbsp;<\/p>\n<p>For the next 11 years, he was held captive as a political prisoner in inhumane conditions. George was tortured until confessing to false accusations of high treason and sentenced to forced labour in various prison camps and mines, without contact with his family or the outside the world. During his captivity, he displayed compassion, strength and courage, often taking on the workload of older and weaker prison colleagues to protect them from additional punishment by their captors.<\/p>\n<p>&nbsp;<\/p>\n<p>After his release in 1960, George was reunited with his family in Romania and then England. He arrived\u00a0 in Canada in 1961, where he was welcomed with open arms by the Montreal Romanian community. In 1963 George married Esther, the love of his life and started a family.<\/p>\n<p>&nbsp;<\/p>\n<p>For many years George earned his living as a machinist. His strong work ethic and resourceful problem-solving skills made him a great handyman! George enjoyed reading and working in his garden, especially growing tomatoes to share with family, friends and neighbours. He treasured the time spent with his family and especially cherished moments with his three granddaughters. George loved Canada, his adopted homeland, and was grateful for the freedom and democracy this country gave him.<\/p>\n<p>&nbsp;<\/p>\n<p>A devoted husband, dedicated father, proud grandfather, George Valentin Sarry was a loving, caring and generous man, who valued family above all else.<\/p>\n<p>&nbsp;<\/p>\n<p>~ He will forever be in our hearts ~<\/p>\n<p>&nbsp;<\/p>\n<p>George believed in the importance of higher education and chose to donate his body to science for research and education to help others.<\/p>\n<p>___<\/p>\n<p>Due to Covid restrictions, a private service will be held at a later date to honour his memory and to celebrate his life.<\/p>\n<p>&nbsp;<\/p>\n<p>&nbsp;<\/p>\n<p>&nbsp;<\/p>\n<p><strong>R\u00c9SIDENCE FUN\u00c9RAIRE J.J. CARDINAL FUNERAL HOME<\/strong><\/p>\n<p>2125, rue Notre-Dame, Lachine (Qu\u00e9bec)\u00a0\u00a0H8S 2G5<\/p>\n<p>T\u00e9l. :\u00a0514-639-1511\u00a0|\u00a0T\u00e9l\u00e9c. :\u00a0514-639-1516\u00a0|\u00a0Courriel :\u00a0<a title=\"info@jjcardinal.ca\" href=\"mailto:info@jjcardinal.ca\">info@jjcardinal.ca<\/a><\/p>\n<p><a title=\"Indications routi\u00e8res\" href=\"https:\/\/goo.gl\/maps\/6TF2f\" target=\"_blank\" rel=\"noopener\">Indications routi\u00e8res<\/a>\u00a0|\u00a0<a title=\"Driving Directions\" href=\"https:\/\/www.google.ca\/maps\/place\/2125+Rue+Notre+Dame,+Lachine,+QC+H8S+2G5\/@45.4345984,-73.6860437,17z\/data=!3m1!4b1!4m5!3m4!1s0x4cc91692e9fec1e5:0x1fc08493479c9f78!8m2!3d45.4345984!4d-73.683855?hl=en\" target=\"_blank\" rel=\"noopener\">Driving Directions<\/a><\/p>\n<p><a title=\"Pr\u00e9visions m\u00e9t\u00e9orologiques\" href=\"http:\/\/www.meteomedia.com\/weather\/caqc0281\" target=\"_blank\" rel=\"noopener\">Pr\u00e9visions m\u00e9t\u00e9orologiques<\/a>\u00a0|\u00a0<a title=\"The Weather Network\" href=\"https:\/\/www.theweathernetwork.com\/ca\" target=\"_blank\" rel=\"noopener\">The Weather Network<\/a><\/p>\n","protected":false},"excerpt":{"rendered":"<p>George Valentin Sarry 1928-2022 &nbsp; &nbsp; It is with heavy hearts that we share news of the passing of George Valentin Sarry at the age of 94. He will be greatly missed by his loving wife of 58 years, Esther (n\u00e9e Morin), his two daughters, Kathy (Jim) and Doris (Giuseppe) as well as his three [&hellip;]<\/p>\n","protected":false},"author":58,"featured_media":22300,"comment_status":"open","ping_status":"open","sticky":false,"template":"","format":"standard","meta":{"_seopress_robots_primary_cat":"","_seopress_titles_title":"","_seopress_titles_desc":"","_seopress_robots_index":"","footnotes":""},"categories":[68],"tags":[],"class_list":["post-22302","post","type-post","status-publish","format-standard","has-post-thumbnail","hentry","category-obituaries"],"_links":{"self":[{"href":"https:\/\/jjcardinal.ca\/en\/wp-json\/wp\/v2\/posts\/22302","targetHints":{"allow":["GET"]}}],"collection":[{"href":"https:\/\/jjcardinal.ca\/en\/wp-json\/wp\/v2\/posts"}],"about":[{"href":"https:\/\/jjcardinal.ca\/en\/wp-json\/wp\/v2\/types\/post"}],"author":[{"embeddable":true,"href":"https:\/\/jjcardinal.ca\/en\/wp-json\/wp\/v2\/users\/58"}],"replies":[{"embeddable":true,"href":"https:\/\/jjcardinal.ca\/en\/wp-json\/wp\/v2\/comments?post=22302"}],"version-history":[{"count":3,"href":"https:\/\/jjcardinal.ca\/en\/wp-json\/wp\/v2\/posts\/22302\/revisions"}],"predecessor-version":[{"id":22312,"href":"https:\/\/jjcardinal.ca\/en\/wp-json\/wp\/v2\/posts\/22302\/revisions\/22312"}],"wp:featuredmedia":[{"embeddable":true,"href":"https:\/\/jjcardinal.ca\/en\/wp-json\/wp\/v2\/media\/22300"}],"wp:attachment":[{"href":"https:\/\/jjcardinal.ca\/en\/wp-json\/wp\/v2\/media?parent=22302"}],"wp:term":[{"taxonomy":"category","embeddable":true,"href":"https:\/\/jjcardinal.ca\/en\/wp-json\/wp\/v2\/categories?post=22302"},{"taxonomy":"post_tag","embeddable":true,"href":"https:\/\/jjcardinal.ca\/en\/wp-json\/wp\/v2\/tags?post=22302"}],"curies":[{"name":"wp","href":"https:\/\/api.w.org\/{rel}","templated":true}]}}