{"id":22310,"date":"2022-02-04T16:23:33","date_gmt":"2022-02-04T21:23:33","guid":{"rendered":"https:\/\/jjcardinal.ca\/mme-caterina-mercuri\/"},"modified":"2022-02-04T17:51:51","modified_gmt":"2022-02-04T22:51:51","slug":"mme-caterina-mercuri","status":"publish","type":"post","link":"https:\/\/jjcardinal.ca\/en\/mme-caterina-mercuri\/","title":{"rendered":"Mrs Caterina Mercuri"},"content":{"rendered":"<p>1926-2022<\/p>\n<p>&nbsp;<\/p>\n<p>It is with profound sadness that we announce the passing of Caterina Mercuri on February 2<sup>nd<\/sup>, 2022, devoted wife of the late Pietro Mercuri.<\/p>\n<p>&nbsp;<\/p>\n<p>She leaves to mourn her loving children Giovanni (Rosalina), Rosa (the late Pietro), Anna Pierina (Antonio) and Giovanna Julia (Franco), her adored grandchildren Giovanni (Fleur), Pietro (Nadia), Vito (Dina), Roberto (Tracy) Paolo (Jessica), Marco, Franco Jr. (Diana), Katherine-Marie (Fr\u00e9d\u00e9ric) and Victor, and her cherished great-grandchildren Giuliana, Olivia, Erica, Alessandra, Luca, Ethan, Emma, Stella, Sofia, Mackenzie, Matteo, Siena, Matylda, Franco III, Juliette, Roberto and Noah along with friends and family.<\/p>\n<p>&nbsp;<\/p>\n<p>The family will receive condolences at J.J. Cardinal Funeral Home, 2125 Notre-Dame, Lachine (<a href=\"http:\/\/www.jjcardinal.ca\">www.jjcardinal.ca<\/a> 514-639-1511) on Sunday 2 to 4 and 7 to 9 by invitation only. The service will be held in the chapel of the funeral home on Monday February 7<sup>th<\/sup>, 2022 at 11h. Due to the government covid regulations, the number of people for visitation and funeral service is limited. Please contact the family should you wish to attend.<\/p>\n<p>&nbsp;<\/p>\n<p>A funeral mass and burial will be held at a later date in her hometown of Platania, Catanzaro, Italy.<\/p>\n<p>&nbsp;<\/p>\n<p>In lieu of flowers, donations to the Camille Lefebvre foundation would be greatly appreciated.<\/p>\n<p>&nbsp;<\/p>\n<p>&nbsp;<\/p>\n<p>&nbsp;<\/p>\n<p><strong>R\u00c9SIDENCE FUN\u00c9RAIRE J.J. CARDINAL FUNERAL HOME<\/strong><\/p>\n<p>2125, rue Notre-Dame, Lachine (Qu\u00e9bec)\u00a0\u00a0H8S 2G5<\/p>\n<p>T\u00e9l. :\u00a0514-639-1511\u00a0|\u00a0T\u00e9l\u00e9c. :\u00a0514-639-1516\u00a0|\u00a0Courriel :\u00a0<a title=\"info@jjcardinal.ca\" href=\"mailto:info@jjcardinal.ca\">info@jjcardinal.ca<\/a><\/p>\n<p><a title=\"Indications routi\u00e8res\" href=\"https:\/\/goo.gl\/maps\/6TF2f\" target=\"_blank\" rel=\"noopener\">Indications routi\u00e8res<\/a>\u00a0|\u00a0<a title=\"Driving Directions\" href=\"https:\/\/www.google.ca\/maps\/place\/2125+Rue+Notre+Dame,+Lachine,+QC+H8S+2G5\/@45.4345984,-73.6860437,17z\/data=!3m1!4b1!4m5!3m4!1s0x4cc91692e9fec1e5:0x1fc08493479c9f78!8m2!3d45.4345984!4d-73.683855?hl=en\" target=\"_blank\" rel=\"noopener\">Driving Directions<\/a><\/p>\n<p><a title=\"Pr\u00e9visions m\u00e9t\u00e9orologiques\" href=\"http:\/\/www.meteomedia.com\/weather\/caqc0281\" target=\"_blank\" rel=\"noopener\">Pr\u00e9visions m\u00e9t\u00e9orologiques<\/a>\u00a0|\u00a0<a title=\"The Weather Network\" href=\"https:\/\/www.theweathernetwork.com\/ca\" target=\"_blank\" rel=\"noopener\">The Weather Network<\/a><\/p>\n<p>&nbsp;<\/p>\n","protected":false},"excerpt":{"rendered":"<p>1926-2022 &nbsp; It is with profound sadness that we announce the passing of Caterina Mercuri on February 2nd, 2022, devoted wife of the late Pietro Mercuri. &nbsp; She leaves to mourn her loving children Giovanni (Rosalina), Rosa (the late Pietro), Anna Pierina (Antonio) and Giovanna Julia (Franco), her adored grandchildren Giovanni (Fleur), Pietro (Nadia), Vito [&hellip;]<\/p>\n","protected":false},"author":7,"featured_media":22307,"comment_status":"open","ping_status":"open","sticky":false,"template":"","format":"standard","meta":{"_seopress_robots_primary_cat":"","_seopress_titles_title":"","_seopress_titles_desc":"","_seopress_robots_index":"","footnotes":""},"categories":[68],"tags":[],"class_list":["post-22310","post","type-post","status-publish","format-standard","has-post-thumbnail","hentry","category-obituaries"],"_links":{"self":[{"href":"https:\/\/jjcardinal.ca\/en\/wp-json\/wp\/v2\/posts\/22310","targetHints":{"allow":["GET"]}}],"collection":[{"href":"https:\/\/jjcardinal.ca\/en\/wp-json\/wp\/v2\/posts"}],"about":[{"href":"https:\/\/jjcardinal.ca\/en\/wp-json\/wp\/v2\/types\/post"}],"author":[{"embeddable":true,"href":"https:\/\/jjcardinal.ca\/en\/wp-json\/wp\/v2\/users\/7"}],"replies":[{"embeddable":true,"href":"https:\/\/jjcardinal.ca\/en\/wp-json\/wp\/v2\/comments?post=22310"}],"version-history":[{"count":2,"href":"https:\/\/jjcardinal.ca\/en\/wp-json\/wp\/v2\/posts\/22310\/revisions"}],"predecessor-version":[{"id":22316,"href":"https:\/\/jjcardinal.ca\/en\/wp-json\/wp\/v2\/posts\/22310\/revisions\/22316"}],"wp:featuredmedia":[{"embeddable":true,"href":"https:\/\/jjcardinal.ca\/en\/wp-json\/wp\/v2\/media\/22307"}],"wp:attachment":[{"href":"https:\/\/jjcardinal.ca\/en\/wp-json\/wp\/v2\/media?parent=22310"}],"wp:term":[{"taxonomy":"category","embeddable":true,"href":"https:\/\/jjcardinal.ca\/en\/wp-json\/wp\/v2\/categories?post=22310"},{"taxonomy":"post_tag","embeddable":true,"href":"https:\/\/jjcardinal.ca\/en\/wp-json\/wp\/v2\/tags?post=22310"}],"curies":[{"name":"wp","href":"https:\/\/api.w.org\/{rel}","templated":true}]}}