{"id":22528,"date":"2022-03-16T17:41:38","date_gmt":"2022-03-16T21:41:38","guid":{"rendered":"https:\/\/jjcardinal.ca\/?p=22528"},"modified":"2022-03-18T14:37:30","modified_gmt":"2022-03-18T18:37:30","slug":"feu-therese-descary","status":"publish","type":"post","link":"https:\/\/jjcardinal.ca\/en\/feu-therese-descary\/","title":{"rendered":"Mrs. Th\u00e9r\u00e8se Descary"},"content":{"rendered":"<p>1942-2022<\/p>\n<p>&nbsp;<\/p>\n<p>\u00c0 sa r\u00e9sidence de Potton, le 15 mars 2022, est d\u00e9c\u00e9d\u00e9e Th\u00e9r\u00e8se Descary, \u00e0 l\u2019\u00e2ge de 79 ans. Elle part rejoindre son tendre \u00e9poux Jean-Louis Bertrand. Elle \u00e9tait productrice et conceptrice de films \u00e0 la retraite.<\/p>\n<p>Elle laisse dans le deuil ses trois fils, Jean-Fran\u00e7ois (Diane), Nicolas (Marie-Chantal), Jean-S\u00e9bastien (Marie-Mich\u00e8le), sa bru Jeanne-Marie, ses petits-enfants, Gabriel, Marianne et C\u00e9dric; elle laisse aussi ses fr\u00e8res et soeurs Jean-Charles Descary, csc, Me \u00c9mile Descary (Marie Noiseux), Denise Descary (feu Jean Cardinal). Elle laisse aussi ses beaux-fr\u00e8res et belles-soeurs, Suzanne Besner (feu Pierre Descary), Jeannine (Philippe Duval), Jeanne (feu Andr\u00e9 Paquette), Lise (Jacques Dussureau);, ses neveux et ni\u00e8ces, ses cousins et cousines ainsi que de nombreux amis.<\/p>\n<p>La vie professionnelle de Th\u00e9r\u00e8se<\/p>\n<p>Th\u00e9r\u00e8se Descary s\u2019est d\u00e9marqu\u00e9e dans plusieurs domaines : comme professeur en nursing, comme productrice de films \u00e0 T\u00e9l\u00e9-Qu\u00e9bec et \u00e0 l\u2019ONF o\u00f9 elle y produit une cinquantaine de films documentaires et d\u2019animation, dont les trois volets de la collection Droits au c\u0153ur &#8211; 21 films qui ont remport\u00e9 plus de 50 prix internationaux et comme auteure de romans comme Adeline et la trilogie 1095 jours.<\/p>\n<p>&nbsp;<\/p>\n<p>La vie de Th\u00e9r\u00e8se \u00e0 Potton<\/p>\n<p>En 1997, Th\u00e9r\u00e8se Descary et Jean-Louis Bertrand, b\u00e2tissent leur maison sur leur terre \u00e0 Potton. Le 24 juin 1999, ils prennent leur retraite et font leur demeure principale \u00e0 Potton. Rapidement, les deux ins\u00e9parables s\u2019impliquent dans les affaires de la communaut\u00e9. Th\u00e9r\u00e8se s\u2019implique dans les diff\u00e9rents comit\u00e9s culturels de Potton et contribue activement au d\u00e9veloppement des programmes d\u2019art et de la culture. Outre la mise en place de Cin\u00e9ma-Potton, elle si\u00e8ge comme pr\u00e9sidente du comit\u00e9 culturel de Potton pendant quelques ann\u00e9es et met en place un plan de mise en valeur des arts et de la culture \u00e0 Potton dont le programme d\u2019Art Public qui peut \u00eatre vu par tous.<\/p>\n<p>&nbsp;<\/p>\n<p>La famille recevra les condol\u00e9ances dimanche le 20 mars 2022 \u00e0 compter de 12h (midi) suivi de la c\u00e9r\u00e9monie \u00e0 15h \u00e0 la chapelle de la R\u00e9sidence fun\u00e9raire J.J. Cardinal, 560 chemin Bord du Lac, Dorval, H9S2B3. <a href=\"http:\/\/www.jjcardinal.ca\">www.jjcardinal.ca<\/a><\/p>\n<p>&nbsp;<\/p>\n<p>La c\u00e9r\u00e9monie de mise en terre \u00e0 Potton aura lieu \u00e0 une date ult\u00e9rieure.<\/p>\n<p>&nbsp;<\/p>\n<p><strong>R\u00c9SIDENCE FUN\u00c9RAIRE J.J. CARDINAL FUNERAL HOME<\/strong><\/p>\n<p>560 ch. Bord du Lac, Dorval (Qu\u00e9bec)\u00a0\u00a0H9S 2B3<\/p>\n<p>T\u00e9l. : 514-631-1511 | T\u00e9l\u00e9c. : 514-631-1516 | Courriel :\u00a0<a title=\"info@jjcardinal.ca\" href=\"mailto:info@jjcardinal.ca\">info@jjcardinal.ca<\/a><\/p>\n<p><a title=\"Indications routi\u00e8res\" href=\"https:\/\/www.google.com\/maps\/place\/560+Chem.+Bord-du-Lac,+Dorval,+QC+H9S+2B3\/@45.4400639,-73.7355544,17z\/data=!3m1!4b1!4m5!3m4!1s0x4cc916170fe7f9fd:0x43c8ed69503d0b1c!8m2!3d45.4400602!4d-73.7333657\" target=\"_blank\" rel=\"noopener\">Indications routi\u00e8res<\/a>\u00a0|\u00a0<a title=\"Driving Directions\" href=\"https:\/\/www.google.com\/maps\/place\/560+Chem.+Bord-du-Lac,+Dorval,+QC+H9S+2B3\/@45.4400639,-73.7355544,17z\/data=!3m1!4b1!4m5!3m4!1s0x4cc916170fe7f9fd:0x43c8ed69503d0b1c!8m2!3d45.4400602!4d-73.7333657\" target=\"_blank\" rel=\"noopener\">Driving Directions<\/a><\/p>\n<p><a title=\"Pr\u00e9visions m\u00e9t\u00e9orologiques\" href=\"http:\/\/www.meteomedia.com\/weather\/caqc0281\" target=\"_blank\" rel=\"noopener\">Pr\u00e9visions m\u00e9t\u00e9orologiques<\/a>\u00a0|\u00a0<a title=\"The Weather Network\" href=\"https:\/\/www.theweathernetwork.com\/ca\" target=\"_blank\" rel=\"noopener\">The Weather Network<\/a><\/p>\n","protected":false},"excerpt":{"rendered":"<p>1942-2022 &nbsp; \u00c0 sa r\u00e9sidence de Potton, le 15 mars 2022, est d\u00e9c\u00e9d\u00e9e Th\u00e9r\u00e8se Descary, \u00e0 l\u2019\u00e2ge de 79 ans. Elle part rejoindre son tendre \u00e9poux Jean-Louis Bertrand. Elle \u00e9tait productrice et conceptrice de films \u00e0 la retraite. Elle laisse dans le deuil ses trois fils, Jean-Fran\u00e7ois (Diane), Nicolas (Marie-Chantal), Jean-S\u00e9bastien (Marie-Mich\u00e8le), sa bru Jeanne-Marie, [&hellip;]<\/p>\n","protected":false},"author":7,"featured_media":22526,"comment_status":"open","ping_status":"open","sticky":false,"template":"","format":"standard","meta":{"_seopress_robots_primary_cat":"","_seopress_titles_title":"","_seopress_titles_desc":"","_seopress_robots_index":"","footnotes":""},"categories":[68],"tags":[],"class_list":["post-22528","post","type-post","status-publish","format-standard","has-post-thumbnail","hentry","category-obituaries"],"_links":{"self":[{"href":"https:\/\/jjcardinal.ca\/en\/wp-json\/wp\/v2\/posts\/22528","targetHints":{"allow":["GET"]}}],"collection":[{"href":"https:\/\/jjcardinal.ca\/en\/wp-json\/wp\/v2\/posts"}],"about":[{"href":"https:\/\/jjcardinal.ca\/en\/wp-json\/wp\/v2\/types\/post"}],"author":[{"embeddable":true,"href":"https:\/\/jjcardinal.ca\/en\/wp-json\/wp\/v2\/users\/7"}],"replies":[{"embeddable":true,"href":"https:\/\/jjcardinal.ca\/en\/wp-json\/wp\/v2\/comments?post=22528"}],"version-history":[{"count":3,"href":"https:\/\/jjcardinal.ca\/en\/wp-json\/wp\/v2\/posts\/22528\/revisions"}],"predecessor-version":[{"id":22534,"href":"https:\/\/jjcardinal.ca\/en\/wp-json\/wp\/v2\/posts\/22528\/revisions\/22534"}],"wp:featuredmedia":[{"embeddable":true,"href":"https:\/\/jjcardinal.ca\/en\/wp-json\/wp\/v2\/media\/22526"}],"wp:attachment":[{"href":"https:\/\/jjcardinal.ca\/en\/wp-json\/wp\/v2\/media?parent=22528"}],"wp:term":[{"taxonomy":"category","embeddable":true,"href":"https:\/\/jjcardinal.ca\/en\/wp-json\/wp\/v2\/categories?post=22528"},{"taxonomy":"post_tag","embeddable":true,"href":"https:\/\/jjcardinal.ca\/en\/wp-json\/wp\/v2\/tags?post=22528"}],"curies":[{"name":"wp","href":"https:\/\/api.w.org\/{rel}","templated":true}]}}