{"id":22542,"date":"2022-03-19T11:58:31","date_gmt":"2022-03-19T15:58:31","guid":{"rendered":"https:\/\/jjcardinal.ca\/?p=22542"},"modified":"2022-03-22T11:05:17","modified_gmt":"2022-03-22T15:05:17","slug":"mr-stephane-desgroseilliers","status":"publish","type":"post","link":"https:\/\/jjcardinal.ca\/en\/mr-stephane-desgroseilliers\/","title":{"rendered":"Mr. St\u00e9phane Desgroseilliers"},"content":{"rendered":"<p>1965-2022<\/p>\n<p>&nbsp;<\/p>\n<p>Le 15 mars 2022, \u00e0 l\u2019\u00e2ge de 56 ans est d\u00e9c\u00e9d\u00e9 M. St\u00e9phane Desgroseilliers, \u00e9poux de Mme Marie-Jos\u00e9e Joly.<\/p>\n<p>&nbsp;<\/p>\n<p>Il laisse dans le deuil ses filles M\u00e9lodie et Oph\u00e9lie (Jonathan), ses petits-enfants Noah, Alexis et Jeanne, ses parents Jean-Claude (Johanne) et Monique, ses fr\u00e8res et s\u0153urs Marc (Jos\u00e9e), Johanne (Claude), Jean-Claude Jr. (Virginie), Nadia (Marc), ses neveux et ni\u00e8ces ainsi que plusieurs parents et amis.<\/p>\n<p>&nbsp;<\/p>\n<p>La famille recevra les condol\u00e9ances le vendredi 25 mars 2022 de 12h \u00e0 17h au Anglers Lachine (3051 blvd. St-Joseph, Lachine).<\/p>\n<p>&nbsp;<\/p>\n<p>Au lieu de fleurs, un don \u00e0 la Fondation pour la recherche sur le cancer serait appr\u00e9ci\u00e9.<\/p>\n<p>&nbsp;<\/p>\n<p>&nbsp;<\/p>\n<p>&nbsp;<\/p>\n<p><strong>R\u00c9SIDENCE FUN\u00c9RAIRE J.J. CARDINAL FUNERAL HOME<\/strong><\/p>\n<p>2125, rue Notre-Dame, Lachine (Qu\u00e9bec)\u00a0\u00a0H8S 2G5<\/p>\n<p>T\u00e9l. :\u00a0514-639-1511\u00a0|\u00a0T\u00e9l\u00e9c. :\u00a0514-639-1516\u00a0|\u00a0Courriel :\u00a0<a title=\"info@jjcardinal.ca\" href=\"mailto:info@jjcardinal.ca\">info@jjcardinal.ca<\/a><\/p>\n<p><a title=\"Indications routi\u00e8res\" href=\"https:\/\/goo.gl\/maps\/6TF2f\" target=\"_blank\" rel=\"noopener\">Indications routi\u00e8res<\/a>\u00a0|\u00a0<a title=\"Driving Directions\" href=\"https:\/\/www.google.ca\/maps\/place\/2125+Rue+Notre+Dame,+Lachine,+QC+H8S+2G5\/@45.4345984,-73.6860437,17z\/data=!3m1!4b1!4m5!3m4!1s0x4cc91692e9fec1e5:0x1fc08493479c9f78!8m2!3d45.4345984!4d-73.683855?hl=en\" target=\"_blank\" rel=\"noopener\">Driving Directions<\/a><\/p>\n<p><a title=\"Pr\u00e9visions m\u00e9t\u00e9orologiques\" href=\"http:\/\/www.meteomedia.com\/weather\/caqc0281\" target=\"_blank\" rel=\"noopener\">Pr\u00e9visions m\u00e9t\u00e9orologiques<\/a>\u00a0|\u00a0<a title=\"The Weather Network\" href=\"https:\/\/www.theweathernetwork.com\/ca\" target=\"_blank\" rel=\"noopener\">The Weather Network<\/a><\/p>\n","protected":false},"excerpt":{"rendered":"<p>1965-2022 &nbsp; Le 15 mars 2022, \u00e0 l\u2019\u00e2ge de 56 ans est d\u00e9c\u00e9d\u00e9 M. St\u00e9phane Desgroseilliers, \u00e9poux de Mme Marie-Jos\u00e9e Joly. &nbsp; Il laisse dans le deuil ses filles M\u00e9lodie et Oph\u00e9lie (Jonathan), ses petits-enfants Noah, Alexis et Jeanne, ses parents Jean-Claude (Johanne) et Monique, ses fr\u00e8res et s\u0153urs Marc (Jos\u00e9e), Johanne (Claude), Jean-Claude Jr. [&hellip;]<\/p>\n","protected":false},"author":7,"featured_media":22570,"comment_status":"open","ping_status":"open","sticky":false,"template":"","format":"standard","meta":{"_seopress_robots_primary_cat":"","_seopress_titles_title":"","_seopress_titles_desc":"","_seopress_robots_index":"","footnotes":""},"categories":[68],"tags":[],"class_list":["post-22542","post","type-post","status-publish","format-standard","has-post-thumbnail","hentry","category-obituaries"],"_links":{"self":[{"href":"https:\/\/jjcardinal.ca\/en\/wp-json\/wp\/v2\/posts\/22542","targetHints":{"allow":["GET"]}}],"collection":[{"href":"https:\/\/jjcardinal.ca\/en\/wp-json\/wp\/v2\/posts"}],"about":[{"href":"https:\/\/jjcardinal.ca\/en\/wp-json\/wp\/v2\/types\/post"}],"author":[{"embeddable":true,"href":"https:\/\/jjcardinal.ca\/en\/wp-json\/wp\/v2\/users\/7"}],"replies":[{"embeddable":true,"href":"https:\/\/jjcardinal.ca\/en\/wp-json\/wp\/v2\/comments?post=22542"}],"version-history":[{"count":1,"href":"https:\/\/jjcardinal.ca\/en\/wp-json\/wp\/v2\/posts\/22542\/revisions"}],"predecessor-version":[{"id":22545,"href":"https:\/\/jjcardinal.ca\/en\/wp-json\/wp\/v2\/posts\/22542\/revisions\/22545"}],"wp:featuredmedia":[{"embeddable":true,"href":"https:\/\/jjcardinal.ca\/en\/wp-json\/wp\/v2\/media\/22570"}],"wp:attachment":[{"href":"https:\/\/jjcardinal.ca\/en\/wp-json\/wp\/v2\/media?parent=22542"}],"wp:term":[{"taxonomy":"category","embeddable":true,"href":"https:\/\/jjcardinal.ca\/en\/wp-json\/wp\/v2\/categories?post=22542"},{"taxonomy":"post_tag","embeddable":true,"href":"https:\/\/jjcardinal.ca\/en\/wp-json\/wp\/v2\/tags?post=22542"}],"curies":[{"name":"wp","href":"https:\/\/api.w.org\/{rel}","templated":true}]}}