{"id":23012,"date":"2022-05-11T18:07:09","date_gmt":"2022-05-11T22:07:09","guid":{"rendered":"https:\/\/jjcardinal.ca\/?p=23012"},"modified":"2022-05-11T18:07:09","modified_gmt":"2022-05-11T22:07:09","slug":"sr-clemence-gardner","status":"publish","type":"post","link":"https:\/\/jjcardinal.ca\/en\/sr-clemence-gardner\/","title":{"rendered":"Sr Cl\u00e9mence GARDNER"},"content":{"rendered":"<p><strong>\u00a0<\/strong><strong>Fille de la Sagesse<\/strong><\/p>\n<p><strong>(Sr Cl\u00e9mence Marie de J\u00e9sus)<\/strong><\/p>\n<p><strong>\u00a0<\/strong><\/p>\n<p>Sr Cl\u00e9mence Gardner est d\u00e9c\u00e9d\u00e9e \u00e0 la Maison M\u00e8re des s\u0153urs de la Providence le 5 mai 2022 \u00e0 l\u2019\u00e2ge de 89 ans dont 66 ans de vie religieuse. N\u00e9e \u00e0 Ste Perp\u00e9tue de Nicolet, elle \u00e9tait la fille de feu Edmond Gardner et de feu Ang\u00e9line Beauchemin.<\/p>\n<p>Outre sa famille religieuse, elle laisse dans le deuil, ses deux s\u0153urs\u00a0: Colette et Gis\u00e8le (s\u0153ur de l\u2019Assomption), ses neveux et ni\u00e8ces ainsi que toutes les personnes qu\u2019elle a connues comme enseignante, en service \u00e0 l\u2019h\u00f4pital Ste-Justine et d\u2019autres groupes qu\u2019elle a rejoint en tant que b\u00e9n\u00e9vole dans diff\u00e9rents organismes.<\/p>\n<p>Une c\u00e9l\u00e9bration aura lieu \u00e0 la Maison M\u00e8re des S\u0153urs de la Providence le 6 juin 2022. L\u2019inhumation suivra au cimeti\u00e8re de la paroisse La Pr\u00e9sentation de la Vierge \u00e0 Dorval.<\/p>\n<p>Les Filles de la Sagesse remercient sinc\u00e8rement tout le personnel de Carrefour Providence pour les bons soins prodigu\u00e9s \u00e0 Sr Cl\u00e9mence depuis plusieurs ann\u00e9es.<\/p>\n<p>&nbsp;<\/p>\n<p>&nbsp;<\/p>\n<p>&nbsp;<\/p>\n<p>&nbsp;<\/p>\n<p><strong>R\u00c9SIDENCE FUN\u00c9RAIRE J.J. CARDINAL FUNERAL HOME<\/strong><\/p>\n<p>560 ch. Bord du Lac, Dorval (Qu\u00e9bec)\u00a0\u00a0H9S 2B3<\/p>\n<p>T\u00e9l. : 514-631-1511 | T\u00e9l\u00e9c. : 514-631-1516 | Courriel :\u00a0<a title=\"info@jjcardinal.ca\" href=\"mailto:info@jjcardinal.ca\">info@jjcardinal.ca<\/a><\/p>\n<p><a title=\"Indications routi\u00e8res\" href=\"https:\/\/www.google.com\/maps\/place\/560+Chem.+Bord-du-Lac,+Dorval,+QC+H9S+2B3\/@45.4400639,-73.7355544,17z\/data=!3m1!4b1!4m5!3m4!1s0x4cc916170fe7f9fd:0x43c8ed69503d0b1c!8m2!3d45.4400602!4d-73.7333657\" target=\"_blank\" rel=\"noopener\">Indications routi\u00e8res<\/a>\u00a0|\u00a0<a title=\"Driving Directions\" href=\"https:\/\/www.google.com\/maps\/place\/560+Chem.+Bord-du-Lac,+Dorval,+QC+H9S+2B3\/@45.4400639,-73.7355544,17z\/data=!3m1!4b1!4m5!3m4!1s0x4cc916170fe7f9fd:0x43c8ed69503d0b1c!8m2!3d45.4400602!4d-73.7333657\" target=\"_blank\" rel=\"noopener\">Driving Directions<\/a><\/p>\n<p><a title=\"Pr\u00e9visions m\u00e9t\u00e9orologiques\" href=\"http:\/\/www.meteomedia.com\/weather\/caqc0281\" target=\"_blank\" rel=\"noopener\">Pr\u00e9visions m\u00e9t\u00e9orologiques<\/a>\u00a0|\u00a0<a title=\"The Weather Network\" href=\"https:\/\/www.theweathernetwork.com\/ca\" target=\"_blank\" rel=\"noopener\">The Weather Network<\/a><\/p>\n<p>&nbsp;<\/p>\n","protected":false},"excerpt":{"rendered":"<p>\u00a0Fille de la Sagesse (Sr Cl\u00e9mence Marie de J\u00e9sus) \u00a0 Sr Cl\u00e9mence Gardner est d\u00e9c\u00e9d\u00e9e \u00e0 la Maison M\u00e8re des s\u0153urs de la Providence le 5 mai 2022 \u00e0 l\u2019\u00e2ge de 89 ans dont 66 ans de vie religieuse. N\u00e9e \u00e0 Ste Perp\u00e9tue de Nicolet, elle \u00e9tait la fille de feu Edmond Gardner et de [&hellip;]<\/p>\n","protected":false},"author":7,"featured_media":23013,"comment_status":"open","ping_status":"open","sticky":false,"template":"","format":"standard","meta":{"_seopress_robots_primary_cat":"","_seopress_titles_title":"","_seopress_titles_desc":"","_seopress_robots_index":"","footnotes":""},"categories":[68],"tags":[],"class_list":["post-23012","post","type-post","status-publish","format-standard","has-post-thumbnail","hentry","category-obituaries"],"_links":{"self":[{"href":"https:\/\/jjcardinal.ca\/en\/wp-json\/wp\/v2\/posts\/23012","targetHints":{"allow":["GET"]}}],"collection":[{"href":"https:\/\/jjcardinal.ca\/en\/wp-json\/wp\/v2\/posts"}],"about":[{"href":"https:\/\/jjcardinal.ca\/en\/wp-json\/wp\/v2\/types\/post"}],"author":[{"embeddable":true,"href":"https:\/\/jjcardinal.ca\/en\/wp-json\/wp\/v2\/users\/7"}],"replies":[{"embeddable":true,"href":"https:\/\/jjcardinal.ca\/en\/wp-json\/wp\/v2\/comments?post=23012"}],"version-history":[{"count":1,"href":"https:\/\/jjcardinal.ca\/en\/wp-json\/wp\/v2\/posts\/23012\/revisions"}],"predecessor-version":[{"id":23015,"href":"https:\/\/jjcardinal.ca\/en\/wp-json\/wp\/v2\/posts\/23012\/revisions\/23015"}],"wp:featuredmedia":[{"embeddable":true,"href":"https:\/\/jjcardinal.ca\/en\/wp-json\/wp\/v2\/media\/23013"}],"wp:attachment":[{"href":"https:\/\/jjcardinal.ca\/en\/wp-json\/wp\/v2\/media?parent=23012"}],"wp:term":[{"taxonomy":"category","embeddable":true,"href":"https:\/\/jjcardinal.ca\/en\/wp-json\/wp\/v2\/categories?post=23012"},{"taxonomy":"post_tag","embeddable":true,"href":"https:\/\/jjcardinal.ca\/en\/wp-json\/wp\/v2\/tags?post=23012"}],"curies":[{"name":"wp","href":"https:\/\/api.w.org\/{rel}","templated":true}]}}