{"id":23044,"date":"2022-05-14T16:46:50","date_gmt":"2022-05-14T20:46:50","guid":{"rendered":"https:\/\/jjcardinal.ca\/mme-claire-neron\/"},"modified":"2022-05-14T16:47:36","modified_gmt":"2022-05-14T20:47:36","slug":"mme-claire-neron","status":"publish","type":"post","link":"https:\/\/jjcardinal.ca\/en\/mme-claire-neron\/","title":{"rendered":"Mrs Claire N\u00e9ron"},"content":{"rendered":"<p>C\u2019est avec le c\u0153ur lourd que nous vous annon\u00e7ons le d\u00e9c\u00e8s de Mme Claire N\u00e9ron, le 10 mai 2022, \u00e0 l\u2019\u00e2ge de 58 ans.<\/p>\n<p>Elle laisse dans le deuil son \u00e9poux bien-aim\u00e9 Claude, ses enfants ador\u00e9s Vincent (Leslie) et Marilou (Simon), ses petits-enfants Olivia, Albert, \u00c9milia et Kyliam, sa s\u0153ur Linda, ses neveux et ni\u00e8ces, ses beaux-fr\u00e8res et belles-s\u0153urs ainsi que de nombreux amis.<\/p>\n<p>La famille recevra les condol\u00e9ances le 23 mai 2022, \u00e0 la R\u00e9sidence Fun\u00e9raire J.J. Cardinal, 2125 rue Notre-Dame, Lachine (www.jjcardinal.ca, 514-639-1511) de 10h \u00e0 12h suivi de la c\u00e9r\u00e9monie dans la chapelle de la r\u00e9sidence fun\u00e9raire \u00e0 12h.<\/p>\n<p>Des dons \u00e0 la <a href=\"https:\/\/support.cancer.ca\/site\/SPageServer?pagename=DJ_NW_donation_type_selector&amp;s_locale=fr_CA&amp;_gl=1*rir5fi*_ga*MTM5MzYxMTQ1NS4xNjAxODU0MzUy*_ga_23YMKBE2C3*MTY1MjU2MTA5OC4zLjAuMTY1MjU2MTA5OC42MA..\">Soci\u00e9t\u00e9 canadienne du cancer<\/a> en m\u00e9moire de Claire seraient appr\u00e9ci\u00e9s.<\/p>\n<p>&nbsp;<\/p>\n<p>&nbsp;<\/p>\n<p>&nbsp;<\/p>\n<p><strong>R\u00c9SIDENCE FUN\u00c9RAIRE J.J. CARDINAL FUNERAL HOME<\/strong><\/p>\n<p>2125, rue Notre-Dame, Lachine (Qu\u00e9bec)\u00a0\u00a0H8S 2G5<\/p>\n<p>T\u00e9l. :\u00a0514-639-1511\u00a0|\u00a0T\u00e9l\u00e9c. :\u00a0514-639-1516\u00a0|\u00a0Courriel :\u00a0<a title=\"info@jjcardinal.ca\" href=\"mailto:info@jjcardinal.ca\">info@jjcardinal.ca<\/a><\/p>\n<p><a title=\"Indications routi\u00e8res\" href=\"https:\/\/goo.gl\/maps\/6TF2f\" target=\"_blank\" rel=\"noopener\">Indications routi\u00e8res<\/a>\u00a0|\u00a0<a title=\"Driving Directions\" href=\"https:\/\/www.google.ca\/maps\/place\/2125+Rue+Notre+Dame,+Lachine,+QC+H8S+2G5\/@45.4345984,-73.6860437,17z\/data=!3m1!4b1!4m5!3m4!1s0x4cc91692e9fec1e5:0x1fc08493479c9f78!8m2!3d45.4345984!4d-73.683855?hl=en\" target=\"_blank\" rel=\"noopener\">Driving Directions<\/a><\/p>\n<p><a title=\"Pr\u00e9visions m\u00e9t\u00e9orologiques\" href=\"http:\/\/www.meteomedia.com\/weather\/caqc0281\" target=\"_blank\" rel=\"noopener\">Pr\u00e9visions m\u00e9t\u00e9orologiques<\/a>\u00a0|\u00a0<a title=\"The Weather Network\" href=\"https:\/\/www.theweathernetwork.com\/ca\" target=\"_blank\" rel=\"noopener\">The Weather Network<\/a><\/p>\n<p>&nbsp;<\/p>\n","protected":false},"excerpt":{"rendered":"<p>C\u2019est avec le c\u0153ur lourd que nous vous annon\u00e7ons le d\u00e9c\u00e8s de Mme Claire N\u00e9ron, le 10 mai 2022, \u00e0 l\u2019\u00e2ge de 58 ans. Elle laisse dans le deuil son \u00e9poux bien-aim\u00e9 Claude, ses enfants ador\u00e9s Vincent (Leslie) et Marilou (Simon), ses petits-enfants Olivia, Albert, \u00c9milia et Kyliam, sa s\u0153ur Linda, ses neveux et ni\u00e8ces, [&hellip;]<\/p>\n","protected":false},"author":7,"featured_media":23042,"comment_status":"open","ping_status":"open","sticky":false,"template":"","format":"standard","meta":{"_seopress_robots_primary_cat":"","_seopress_titles_title":"","_seopress_titles_desc":"","_seopress_robots_index":"","footnotes":""},"categories":[68],"tags":[],"class_list":["post-23044","post","type-post","status-publish","format-standard","has-post-thumbnail","hentry","category-obituaries"],"_links":{"self":[{"href":"https:\/\/jjcardinal.ca\/en\/wp-json\/wp\/v2\/posts\/23044","targetHints":{"allow":["GET"]}}],"collection":[{"href":"https:\/\/jjcardinal.ca\/en\/wp-json\/wp\/v2\/posts"}],"about":[{"href":"https:\/\/jjcardinal.ca\/en\/wp-json\/wp\/v2\/types\/post"}],"author":[{"embeddable":true,"href":"https:\/\/jjcardinal.ca\/en\/wp-json\/wp\/v2\/users\/7"}],"replies":[{"embeddable":true,"href":"https:\/\/jjcardinal.ca\/en\/wp-json\/wp\/v2\/comments?post=23044"}],"version-history":[{"count":1,"href":"https:\/\/jjcardinal.ca\/en\/wp-json\/wp\/v2\/posts\/23044\/revisions"}],"predecessor-version":[{"id":23045,"href":"https:\/\/jjcardinal.ca\/en\/wp-json\/wp\/v2\/posts\/23044\/revisions\/23045"}],"wp:featuredmedia":[{"embeddable":true,"href":"https:\/\/jjcardinal.ca\/en\/wp-json\/wp\/v2\/media\/23042"}],"wp:attachment":[{"href":"https:\/\/jjcardinal.ca\/en\/wp-json\/wp\/v2\/media?parent=23044"}],"wp:term":[{"taxonomy":"category","embeddable":true,"href":"https:\/\/jjcardinal.ca\/en\/wp-json\/wp\/v2\/categories?post=23044"},{"taxonomy":"post_tag","embeddable":true,"href":"https:\/\/jjcardinal.ca\/en\/wp-json\/wp\/v2\/tags?post=23044"}],"curies":[{"name":"wp","href":"https:\/\/api.w.org\/{rel}","templated":true}]}}