{"id":23382,"date":"2022-06-15T19:05:10","date_gmt":"2022-06-15T23:05:10","guid":{"rendered":"https:\/\/jjcardinal.ca\/?p=23382"},"modified":"2022-06-16T09:52:31","modified_gmt":"2022-06-16T13:52:31","slug":"mr-yvan-giguere","status":"publish","type":"post","link":"https:\/\/jjcardinal.ca\/en\/mr-yvan-giguere\/","title":{"rendered":"Mr. Yvan Gigu\u00e8re"},"content":{"rendered":"<p>1965-2022<\/p>\n<p>&nbsp;<\/p>\n<p>C\u2019est avec une immense tristesse que nous vous informons du d\u00e9part de M. Yvan Gigu\u00e8re, le 14 juin 2022, \u00e0 l\u2019\u00e2ge de 56 ans, \u00e0 la suite d\u2019un court combat contre le cancer.<\/p>\n<p>Il laisse dans le deuil son \u00e9pouse bien-aim\u00e9e Sylvie Demers, ses deux fils Louis-Philippe (Arina Ujevco) et Maxime, son fr\u00e8re Roberto (Marilyne Derosby), ses beaux-parents Louise Saint-Martin et Michel Rivest, ses beaux-fr\u00e8res \u00c9ric Rivest (Chantal Beaulieu) et Yanis Faille-Rivest, ses neveux et ni\u00e8ces ainsi que plusieurs parents et amis.<\/p>\n<p>Il occupait le poste de Directeur G\u00e9n\u00e9ral des Industries Hagen et laisse ainsi dans le deuil de nombreux coll\u00e8gues de travail et partenaires d\u2019affaires.<\/p>\n<p>Homme de c\u0153ur, homme de passion, homme de multiples projets, homme de confiance\u2026 Il laissera un grand vide autour de ceux qui ont eu la chance de le c\u00f4toyer.<\/p>\n<p>La famille recevra les condol\u00e9ances le samedi 18 juin 2022 \u00e0 la R\u00e9sidence Fun\u00e9raire J.J. Cardinal, 2125 rue Notre-Dame, Lachine (<a href=\"http:\/\/www.jjcardinal.ca\">www.jjcardinal.ca<\/a>, 514-639-1511) de 18h \u00e0 21h. Les condol\u00e9ances se poursuivront le dimanche 19 juin 2022 \u00e0 compter de 11h, suivi du service dans la chapelle de la r\u00e9sidence fun\u00e9raire \u00e0 13h.<\/p>\n<p>Des dons \u00e0 la Soci\u00e9t\u00e9 canadienne du cancer en m\u00e9moire de Yvan seraient appr\u00e9ci\u00e9s.<\/p>\n<p>&nbsp;<\/p>\n<p><strong>R\u00c9SIDENCE FUN\u00c9RAIRE J.J. CARDINAL FUNERAL HOME<\/strong><\/p>\n<p>2125, rue Notre-Dame, Lachine (Qu\u00e9bec)\u00a0\u00a0H8S 2G5<\/p>\n<p>T\u00e9l. :\u00a0514-639-1511\u00a0|\u00a0T\u00e9l\u00e9c. :\u00a0514-639-1516\u00a0|\u00a0Courriel :\u00a0<a title=\"info@jjcardinal.ca\" href=\"mailto:info@jjcardinal.ca\">info@jjcardinal.ca<\/a><\/p>\n<p><a title=\"Indications routi\u00e8res\" href=\"https:\/\/goo.gl\/maps\/6TF2f\" target=\"_blank\" rel=\"noopener\">Indications routi\u00e8res<\/a>\u00a0|\u00a0<a title=\"Driving Directions\" href=\"https:\/\/www.google.ca\/maps\/place\/2125+Rue+Notre+Dame,+Lachine,+QC+H8S+2G5\/@45.4345984,-73.6860437,17z\/data=!3m1!4b1!4m5!3m4!1s0x4cc91692e9fec1e5:0x1fc08493479c9f78!8m2!3d45.4345984!4d-73.683855?hl=en\" target=\"_blank\" rel=\"noopener\">Driving Directions<\/a><\/p>\n<p><a title=\"Pr\u00e9visions m\u00e9t\u00e9orologiques\" href=\"http:\/\/www.meteomedia.com\/weather\/caqc0281\" target=\"_blank\" rel=\"noopener\">Pr\u00e9visions m\u00e9t\u00e9orologiques<\/a>\u00a0|\u00a0<a title=\"The Weather Network\" href=\"https:\/\/www.theweathernetwork.com\/ca\" target=\"_blank\" rel=\"noopener\">The Weather Network<\/a><\/p>\n","protected":false},"excerpt":{"rendered":"<p>1965-2022 &nbsp; C\u2019est avec une immense tristesse que nous vous informons du d\u00e9part de M. Yvan Gigu\u00e8re, le 14 juin 2022, \u00e0 l\u2019\u00e2ge de 56 ans, \u00e0 la suite d\u2019un court combat contre le cancer. Il laisse dans le deuil son \u00e9pouse bien-aim\u00e9e Sylvie Demers, ses deux fils Louis-Philippe (Arina Ujevco) et Maxime, son fr\u00e8re [&hellip;]<\/p>\n","protected":false},"author":7,"featured_media":23385,"comment_status":"open","ping_status":"open","sticky":false,"template":"","format":"standard","meta":{"_seopress_robots_primary_cat":"","_seopress_titles_title":"","_seopress_titles_desc":"","_seopress_robots_index":"","footnotes":""},"categories":[68],"tags":[],"class_list":["post-23382","post","type-post","status-publish","format-standard","has-post-thumbnail","hentry","category-obituaries"],"_links":{"self":[{"href":"https:\/\/jjcardinal.ca\/en\/wp-json\/wp\/v2\/posts\/23382","targetHints":{"allow":["GET"]}}],"collection":[{"href":"https:\/\/jjcardinal.ca\/en\/wp-json\/wp\/v2\/posts"}],"about":[{"href":"https:\/\/jjcardinal.ca\/en\/wp-json\/wp\/v2\/types\/post"}],"author":[{"embeddable":true,"href":"https:\/\/jjcardinal.ca\/en\/wp-json\/wp\/v2\/users\/7"}],"replies":[{"embeddable":true,"href":"https:\/\/jjcardinal.ca\/en\/wp-json\/wp\/v2\/comments?post=23382"}],"version-history":[{"count":1,"href":"https:\/\/jjcardinal.ca\/en\/wp-json\/wp\/v2\/posts\/23382\/revisions"}],"predecessor-version":[{"id":23387,"href":"https:\/\/jjcardinal.ca\/en\/wp-json\/wp\/v2\/posts\/23382\/revisions\/23387"}],"wp:featuredmedia":[{"embeddable":true,"href":"https:\/\/jjcardinal.ca\/en\/wp-json\/wp\/v2\/media\/23385"}],"wp:attachment":[{"href":"https:\/\/jjcardinal.ca\/en\/wp-json\/wp\/v2\/media?parent=23382"}],"wp:term":[{"taxonomy":"category","embeddable":true,"href":"https:\/\/jjcardinal.ca\/en\/wp-json\/wp\/v2\/categories?post=23382"},{"taxonomy":"post_tag","embeddable":true,"href":"https:\/\/jjcardinal.ca\/en\/wp-json\/wp\/v2\/tags?post=23382"}],"curies":[{"name":"wp","href":"https:\/\/api.w.org\/{rel}","templated":true}]}}