{"id":23754,"date":"2022-08-13T18:28:34","date_gmt":"2022-08-13T22:28:34","guid":{"rendered":"https:\/\/jjcardinal.ca\/?p=23754"},"modified":"2022-08-13T18:29:45","modified_gmt":"2022-08-13T22:29:45","slug":"m-jean-guy-carriere","status":"publish","type":"post","link":"https:\/\/jjcardinal.ca\/en\/m-jean-guy-carriere\/","title":{"rendered":"Mr. Jean Guy Carri\u00e8re"},"content":{"rendered":"<p>1934-2022<\/p>\n<p>C\u2019est avec tristesse que nous vous annon\u00e7ons le d\u00e9c\u00e8s de M. Jean Guy Carri\u00e8re \u00e0 LaSalle le 8 ao\u00fbt 2022, \u00e0 l\u2019\u00e2ge de 87 ans.<\/p>\n<p>Il laisse dans le deuil son \u00e9pouse Denise Quesnel Carri\u00e8re, sa fille Nadia (Louis), son fils Normand (M\u00e9lodie), ses petits-enfants Adaline, Alexandra et L\u00e9andre, ses fr\u00e8res et s\u0153urs, neveux et ni\u00e8ces ainsi que nombreux parents et amis.<\/p>\n<p>Il \u00e9tait le fils de feu Raoul Carri\u00e8re et de feu Marie-Laure B\u00e9langer. Lui survivent ses fr\u00e8res et s\u0153urs\u00a0: Jacques, R\u00e9jean (L\u00e9ona), Jean-No\u00ebl, Claire, Liliane et Andr\u00e9 (Julie). Il rejoint sa s\u0153ur Jeannine (feu Ga\u00ebtan) et ses fr\u00e8res Richard (Clarisse) et Maurice (Solange).<\/p>\n<p>&nbsp;<\/p>\n<p>La famille recevra les condol\u00e9ances le samedi 27 ao\u00fbt de 10 \u00e0 11h, suivi de la c\u00e9r\u00e9monie \u00e0 11h dans la chapelle de la R\u00e9sidence Fun\u00e9raire J.J. Cardinal, 2125 rue Notre-Dame, Lachine (www.jjcardinal.ca, 514 639 1511).<\/p>\n<p>&nbsp;<\/p>\n<p>Au lieu de fleurs, des dons \u00e0 la Soci\u00e9t\u00e9 Alzheimer seraient appr\u00e9ci\u00e9s par la famille.<\/p>\n<p>&nbsp;<\/p>\n<p><strong>R\u00c9SIDENCE FUN\u00c9RAIRE J.J. CARDINAL FUNERAL HOME<\/strong><\/p>\n<p>2125, rue Notre-Dame, Lachine (Qu\u00e9bec)\u00a0\u00a0H8S 2G5<\/p>\n<p>T\u00e9l. :\u00a0514-639-1511\u00a0|\u00a0T\u00e9l\u00e9c. :\u00a0514-639-1516\u00a0|\u00a0Courriel :\u00a0<a href=\"mailto:info@jjcardinal.ca\">info@jjcardinal.ca<\/a><\/p>\n<p><a href=\"https:\/\/goo.gl\/maps\/6TF2f\">Indications routi\u00e8res<\/a>\u00a0|\u00a0<a href=\"https:\/\/www.google.ca\/maps\/place\/2125+Rue+Notre+Dame,+Lachine,+QC+H8S+2G5\/@45.4345984,-73.6860437,17z\/data=!3m1!4b1!4m5!3m4!1s0x4cc91692e9fec1e5:0x1fc08493479c9f78!8m2!3d45.4345984!4d-73.683855?hl=en\">Driving Directions<\/a><\/p>\n<p><a href=\"http:\/\/www.meteomedia.com\/weather\/caqc0281\">Pr\u00e9visions m\u00e9t\u00e9orologiques<\/a>\u00a0|\u00a0<a href=\"https:\/\/www.theweathernetwork.com\/ca\">The Weather Network<\/a><\/p>\n","protected":false},"excerpt":{"rendered":"<p>1934-2022 C\u2019est avec tristesse que nous vous annon\u00e7ons le d\u00e9c\u00e8s de M. Jean Guy Carri\u00e8re \u00e0 LaSalle le 8 ao\u00fbt 2022, \u00e0 l\u2019\u00e2ge de 87 ans. Il laisse dans le deuil son \u00e9pouse Denise Quesnel Carri\u00e8re, sa fille Nadia (Louis), son fils Normand (M\u00e9lodie), ses petits-enfants Adaline, Alexandra et L\u00e9andre, ses fr\u00e8res et s\u0153urs, neveux [&hellip;]<\/p>\n","protected":false},"author":58,"featured_media":23752,"comment_status":"open","ping_status":"open","sticky":false,"template":"","format":"standard","meta":{"_seopress_robots_primary_cat":"","_seopress_titles_title":"","_seopress_titles_desc":"","_seopress_robots_index":"","footnotes":""},"categories":[68],"tags":[],"class_list":["post-23754","post","type-post","status-publish","format-standard","has-post-thumbnail","hentry","category-obituaries"],"_links":{"self":[{"href":"https:\/\/jjcardinal.ca\/en\/wp-json\/wp\/v2\/posts\/23754","targetHints":{"allow":["GET"]}}],"collection":[{"href":"https:\/\/jjcardinal.ca\/en\/wp-json\/wp\/v2\/posts"}],"about":[{"href":"https:\/\/jjcardinal.ca\/en\/wp-json\/wp\/v2\/types\/post"}],"author":[{"embeddable":true,"href":"https:\/\/jjcardinal.ca\/en\/wp-json\/wp\/v2\/users\/58"}],"replies":[{"embeddable":true,"href":"https:\/\/jjcardinal.ca\/en\/wp-json\/wp\/v2\/comments?post=23754"}],"version-history":[{"count":2,"href":"https:\/\/jjcardinal.ca\/en\/wp-json\/wp\/v2\/posts\/23754\/revisions"}],"predecessor-version":[{"id":23756,"href":"https:\/\/jjcardinal.ca\/en\/wp-json\/wp\/v2\/posts\/23754\/revisions\/23756"}],"wp:featuredmedia":[{"embeddable":true,"href":"https:\/\/jjcardinal.ca\/en\/wp-json\/wp\/v2\/media\/23752"}],"wp:attachment":[{"href":"https:\/\/jjcardinal.ca\/en\/wp-json\/wp\/v2\/media?parent=23754"}],"wp:term":[{"taxonomy":"category","embeddable":true,"href":"https:\/\/jjcardinal.ca\/en\/wp-json\/wp\/v2\/categories?post=23754"},{"taxonomy":"post_tag","embeddable":true,"href":"https:\/\/jjcardinal.ca\/en\/wp-json\/wp\/v2\/tags?post=23754"}],"curies":[{"name":"wp","href":"https:\/\/api.w.org\/{rel}","templated":true}]}}