{"id":23820,"date":"2022-08-22T19:14:36","date_gmt":"2022-08-22T23:14:36","guid":{"rendered":"https:\/\/jjcardinal.ca\/mme-claudette-chenail-lavigne\/"},"modified":"2022-08-22T19:15:14","modified_gmt":"2022-08-22T23:15:14","slug":"mme-claudette-chenail-lavigne","status":"publish","type":"post","link":"https:\/\/jjcardinal.ca\/en\/mme-claudette-chenail-lavigne\/","title":{"rendered":"Mrs Claudette Chenail Lavigne"},"content":{"rendered":"<p>1936-2022<\/p>\n<p>&nbsp;<\/p>\n<p>\u00c0 Verdun, le 12 ao\u00fbt 2022, \u00e0 l\u2019\u00e2ge de 86 ans, est d\u00e9c\u00e9d\u00e9e Mme Claudette Chenail, \u00e9pouse de feu Yvon Lavigne.<\/p>\n<p>Elle laisse dans le deuil ses 10 enfants ainsi que leur conjoint et conjointe, ses 15 petits-enfants ainsi que leur conjoint et conjointe, ses 22 arri\u00e8re-petits-enfants, ainsi que plusieurs autres parents et amis.<\/p>\n<p>La famille recevra les condol\u00e9ances le dimanche 11 septembre de 10h00 \u00e0 17h00, suivi de t\u00e9moignages, de pri\u00e8res et de po\u00e8mes de fins de visites \u00e0 la R\u00e9sidence Fun\u00e9raires J.J. Cardinal (2125 rue Notre-Dame, <a href=\"http:\/\/www.jjcardinal.ca\">www.jjcardinal.ca<\/a>, 514-639-1511).<\/p>\n<p>Au lieu de fleurs, des dons dans des centre de soins palliatifs \u00e0 but non lucratif seraient grandement appr\u00e9ci\u00e9s par la famille.<\/p>\n<p>&nbsp;<\/p>\n<p>&nbsp;<\/p>\n<p>&nbsp;<\/p>\n<p><strong>R\u00c9SIDENCE FUN\u00c9RAIRE J.J. CARDINAL FUNERAL HOME<\/strong><\/p>\n<p>2125, rue Notre-Dame, Lachine (Qu\u00e9bec)\u00a0\u00a0H8S 2G5<\/p>\n<p>T\u00e9l. :\u00a0514-639-1511\u00a0|\u00a0T\u00e9l\u00e9c. :\u00a0514-639-1516\u00a0|\u00a0Courriel :\u00a0<a title=\"info@jjcardinal.ca\" href=\"mailto:info@jjcardinal.ca\">info@jjcardinal.ca<\/a><\/p>\n<p><a title=\"Indications routi\u00e8res\" href=\"https:\/\/goo.gl\/maps\/6TF2f\" target=\"_blank\" rel=\"noopener\">Indications routi\u00e8res<\/a>\u00a0|\u00a0<a title=\"Driving Directions\" href=\"https:\/\/www.google.ca\/maps\/place\/2125+Rue+Notre+Dame,+Lachine,+QC+H8S+2G5\/@45.4345984,-73.6860437,17z\/data=!3m1!4b1!4m5!3m4!1s0x4cc91692e9fec1e5:0x1fc08493479c9f78!8m2!3d45.4345984!4d-73.683855?hl=en\" target=\"_blank\" rel=\"noopener\">Driving Directions<\/a><\/p>\n<p><a title=\"Pr\u00e9visions m\u00e9t\u00e9orologiques\" href=\"http:\/\/www.meteomedia.com\/weather\/caqc0281\" target=\"_blank\" rel=\"noopener\">Pr\u00e9visions m\u00e9t\u00e9orologiques<\/a>\u00a0|\u00a0<a title=\"The Weather Network\" href=\"https:\/\/www.theweathernetwork.com\/ca\" target=\"_blank\" rel=\"noopener\">The Weather Network<\/a><\/p>\n<p>&nbsp;<\/p>\n","protected":false},"excerpt":{"rendered":"<p>1936-2022 &nbsp; \u00c0 Verdun, le 12 ao\u00fbt 2022, \u00e0 l\u2019\u00e2ge de 86 ans, est d\u00e9c\u00e9d\u00e9e Mme Claudette Chenail, \u00e9pouse de feu Yvon Lavigne. Elle laisse dans le deuil ses 10 enfants ainsi que leur conjoint et conjointe, ses 15 petits-enfants ainsi que leur conjoint et conjointe, ses 22 arri\u00e8re-petits-enfants, ainsi que plusieurs autres parents et [&hellip;]<\/p>\n","protected":false},"author":7,"featured_media":23817,"comment_status":"open","ping_status":"open","sticky":false,"template":"","format":"standard","meta":{"_seopress_robots_primary_cat":"","_seopress_titles_title":"","_seopress_titles_desc":"","_seopress_robots_index":"","footnotes":""},"categories":[68],"tags":[],"class_list":["post-23820","post","type-post","status-publish","format-standard","has-post-thumbnail","hentry","category-obituaries"],"_links":{"self":[{"href":"https:\/\/jjcardinal.ca\/en\/wp-json\/wp\/v2\/posts\/23820","targetHints":{"allow":["GET"]}}],"collection":[{"href":"https:\/\/jjcardinal.ca\/en\/wp-json\/wp\/v2\/posts"}],"about":[{"href":"https:\/\/jjcardinal.ca\/en\/wp-json\/wp\/v2\/types\/post"}],"author":[{"embeddable":true,"href":"https:\/\/jjcardinal.ca\/en\/wp-json\/wp\/v2\/users\/7"}],"replies":[{"embeddable":true,"href":"https:\/\/jjcardinal.ca\/en\/wp-json\/wp\/v2\/comments?post=23820"}],"version-history":[{"count":1,"href":"https:\/\/jjcardinal.ca\/en\/wp-json\/wp\/v2\/posts\/23820\/revisions"}],"predecessor-version":[{"id":23821,"href":"https:\/\/jjcardinal.ca\/en\/wp-json\/wp\/v2\/posts\/23820\/revisions\/23821"}],"wp:featuredmedia":[{"embeddable":true,"href":"https:\/\/jjcardinal.ca\/en\/wp-json\/wp\/v2\/media\/23817"}],"wp:attachment":[{"href":"https:\/\/jjcardinal.ca\/en\/wp-json\/wp\/v2\/media?parent=23820"}],"wp:term":[{"taxonomy":"category","embeddable":true,"href":"https:\/\/jjcardinal.ca\/en\/wp-json\/wp\/v2\/categories?post=23820"},{"taxonomy":"post_tag","embeddable":true,"href":"https:\/\/jjcardinal.ca\/en\/wp-json\/wp\/v2\/tags?post=23820"}],"curies":[{"name":"wp","href":"https:\/\/api.w.org\/{rel}","templated":true}]}}