{"id":23848,"date":"2022-08-25T10:18:16","date_gmt":"2022-08-25T14:18:16","guid":{"rendered":"https:\/\/jjcardinal.ca\/?p=23848"},"modified":"2022-08-30T17:39:31","modified_gmt":"2022-08-30T21:39:31","slug":"mme-cecile-beauchamp-bigras","status":"publish","type":"post","link":"https:\/\/jjcardinal.ca\/en\/mme-cecile-beauchamp-bigras\/","title":{"rendered":"Mrs C\u00e9cile Beauchamp Bigras"},"content":{"rendered":"<p>1927-2022<\/p>\n<p>&nbsp;<\/p>\n<p>C\u2019est avec tristesse que nous vous annon\u00e7ons le d\u00e9c\u00e8s de Mme C\u00e9cile Beauchamp Bigras le 08 ao\u00fbt 2022, \u00e0 l\u2019\u00e2ge de 94 ans. Elle rejoint son \u00e9poux Maurice Bigras.<\/p>\n<p>Elle laisse dans le deuil ses neveux et ni\u00e8ces ainsi que plusieurs parents et amis.<\/p>\n<p>La famille recevra les condol\u00e9ances le samedi 10 septembre 2022 \u00e0 la R\u00e9sidence Fun\u00e9raire J.J. Cardinal, 2125 rue Notre-Dame, Lachine (www.jjcardinal.ca, 514-639-1511) de 14h \u00e0 16h.<\/p>\n<p>&nbsp;<\/p>\n<p>&nbsp;<\/p>\n<p>&nbsp;<\/p>\n<p><strong>R\u00c9SIDENCE FUN\u00c9RAIRE J.J. CARDINAL FUNERAL HOME<\/strong><\/p>\n<p>2125, rue Notre-Dame, Lachine (Qu\u00e9bec)\u00a0\u00a0H8S 2G5<\/p>\n<p>T\u00e9l. :\u00a0514-639-1511\u00a0|\u00a0T\u00e9l\u00e9c. :\u00a0514-639-1516\u00a0|\u00a0Courriel :\u00a0<a href=\"mailto:info@jjcardinal.ca\">info@jjcardinal.ca<\/a><\/p>\n<p><a href=\"https:\/\/goo.gl\/maps\/6TF2f\">Indications routi\u00e8res<\/a>\u00a0|\u00a0<a href=\"https:\/\/www.google.ca\/maps\/place\/2125+Rue+Notre+Dame,+Lachine,+QC+H8S+2G5\/@45.4345984,-73.6860437,17z\/data=!3m1!4b1!4m5!3m4!1s0x4cc91692e9fec1e5:0x1fc08493479c9f78!8m2!3d45.4345984!4d-73.683855?hl=en\">Driving Directions<\/a><\/p>\n<p><a href=\"http:\/\/www.meteomedia.com\/weather\/caqc0281\">Pr\u00e9visions m\u00e9t\u00e9orologiques<\/a>\u00a0|\u00a0<a href=\"https:\/\/www.theweathernetwork.com\/ca\">The Weather Network<\/a><\/p>\n<p>&nbsp;<\/p>\n","protected":false},"excerpt":{"rendered":"<p>1927-2022 &nbsp; C\u2019est avec tristesse que nous vous annon\u00e7ons le d\u00e9c\u00e8s de Mme C\u00e9cile Beauchamp Bigras le 08 ao\u00fbt 2022, \u00e0 l\u2019\u00e2ge de 94 ans. Elle rejoint son \u00e9poux Maurice Bigras. Elle laisse dans le deuil ses neveux et ni\u00e8ces ainsi que plusieurs parents et amis. La famille recevra les condol\u00e9ances le samedi 10 septembre [&hellip;]<\/p>\n","protected":false},"author":58,"featured_media":23843,"comment_status":"open","ping_status":"open","sticky":false,"template":"","format":"standard","meta":{"_seopress_robots_primary_cat":"","_seopress_titles_title":"","_seopress_titles_desc":"","_seopress_robots_index":"","footnotes":""},"categories":[68],"tags":[],"class_list":["post-23848","post","type-post","status-publish","format-standard","has-post-thumbnail","hentry","category-obituaries"],"_links":{"self":[{"href":"https:\/\/jjcardinal.ca\/en\/wp-json\/wp\/v2\/posts\/23848","targetHints":{"allow":["GET"]}}],"collection":[{"href":"https:\/\/jjcardinal.ca\/en\/wp-json\/wp\/v2\/posts"}],"about":[{"href":"https:\/\/jjcardinal.ca\/en\/wp-json\/wp\/v2\/types\/post"}],"author":[{"embeddable":true,"href":"https:\/\/jjcardinal.ca\/en\/wp-json\/wp\/v2\/users\/58"}],"replies":[{"embeddable":true,"href":"https:\/\/jjcardinal.ca\/en\/wp-json\/wp\/v2\/comments?post=23848"}],"version-history":[{"count":3,"href":"https:\/\/jjcardinal.ca\/en\/wp-json\/wp\/v2\/posts\/23848\/revisions"}],"predecessor-version":[{"id":23882,"href":"https:\/\/jjcardinal.ca\/en\/wp-json\/wp\/v2\/posts\/23848\/revisions\/23882"}],"wp:featuredmedia":[{"embeddable":true,"href":"https:\/\/jjcardinal.ca\/en\/wp-json\/wp\/v2\/media\/23843"}],"wp:attachment":[{"href":"https:\/\/jjcardinal.ca\/en\/wp-json\/wp\/v2\/media?parent=23848"}],"wp:term":[{"taxonomy":"category","embeddable":true,"href":"https:\/\/jjcardinal.ca\/en\/wp-json\/wp\/v2\/categories?post=23848"},{"taxonomy":"post_tag","embeddable":true,"href":"https:\/\/jjcardinal.ca\/en\/wp-json\/wp\/v2\/tags?post=23848"}],"curies":[{"name":"wp","href":"https:\/\/api.w.org\/{rel}","templated":true}]}}