{"id":24478,"date":"2022-11-08T16:28:21","date_gmt":"2022-11-08T21:28:21","guid":{"rendered":"https:\/\/jjcardinal.ca\/?p=24478"},"modified":"2022-11-09T11:00:00","modified_gmt":"2022-11-09T16:00:00","slug":"mr-gaston-leduc","status":"publish","type":"post","link":"https:\/\/jjcardinal.ca\/en\/mr-gaston-leduc\/","title":{"rendered":"Mr. Gaston Leduc"},"content":{"rendered":"<p>1934-2022<\/p>\n<p>&nbsp;<\/p>\n<p>C\u2019est avec le c\u0153ur lourd que nous vous informons du d\u00e9c\u00e8s de M. Gaston Leduc survenu le 25 octobre dernier \u00e0 Montr\u00e9al. Il est parti rejoindre ses fr\u00e8res Jean-Pierre, Gilles et sa belle-s\u0153ur Colette Coulombe, vers un repos bien m\u00e9rit\u00e9.<\/p>\n<p>Il laisse dans le deuil sa s\u0153ur Pierrette (Michel De Schutter) et sa belle-s\u0153ur Denise St-Jacques Leduc ainsi que ses neveux et ni\u00e8ces Benoit, Christine et Luc, Robert, Micheline et Diane, Yvan, Sarah-Liz et Gil-France. Gaston sera \u00e0 tout jamais dans le c\u0153ur de sa famille et de ses amis.<\/p>\n<p>La famille recevra les condol\u00e9ances \u00e0 la R\u00e9sidence Fun\u00e9raire J.J. Cardinal, 2125 rue Notre-Dame, Lachine (<a href=\"http:\/\/www.jjcardinal.ca\">www.jjcardinal.ca<\/a>, 514-639-1511) le jeudi 24 novembre 2022 de 14h00 \u00e0 17h00 et de 19h00 \u00e0 21h00. Une autre p\u00e9riode de condol\u00e9ances aura lieu au m\u00eame endroit le vendredi 25 novembre 2022 \u00e0 compter de 9h30, suivi des fun\u00e9railles \u00e0 11h00 \u00e0 l\u2019\u00e9glise des Saints-Anges (1400 Boul. St-Joseph, Lachine).<\/p>\n<p>Des dons \u00e0 la <a href=\"https:\/\/fondationduchum.com\/facons-de-donner\/?gclid=Cj0KCQiAmaibBhCAARIsAKUlaKQwXns4Z4X4WNlmYbx3C7TQkwEa_4Y36wKk6y7xsaEv930NX7EJ_ykaAn2pEALw_wcB\">Fondation du CHUM<\/a> seraient appr\u00e9ci\u00e9s par la famille (<a href=\"https:\/\/fondationduchum.com\/facons-de-donner\/?gclid=Cj0KCQiAmaibBhCAARIsAKUlaKQwXns4Z4X4WNlmYbx3C7TQkwEa_4Y36wKk6y7xsaEv930NX7EJ_ykaAn2pEALw_wcB\">https:\/\/fondationduchum.com\/facons-de-donner\/?gclid=Cj0KCQiAmaibBhCAARIsAKUlaKQwXns4Z4X4WNlmYbx3C7TQkwEa_4Y36wKk6y7xsaEv930NX7EJ_ykaAn2pEALw_wcB<\/a>) .<\/p>\n<p>&nbsp;<\/p>\n<p>&nbsp;<\/p>\n<p>&nbsp;<\/p>\n<p>&nbsp;<\/p>\n<p><strong>R\u00c9SIDENCE FUN\u00c9RAIRE J.J. CARDINAL FUNERAL HOME<\/strong><\/p>\n<p>2125, rue Notre-Dame, Lachine (Qu\u00e9bec)\u00a0\u00a0H8S 2G5<\/p>\n<p>T\u00e9l. :\u00a0514-639-1511\u00a0|\u00a0T\u00e9l\u00e9c. :\u00a0514-639-1516\u00a0|\u00a0Courriel :\u00a0<a title=\"info@jjcardinal.ca\" href=\"mailto:info@jjcardinal.ca\">info@jjcardinal.ca<\/a><\/p>\n<p><a title=\"Indications routi\u00e8res\" href=\"https:\/\/goo.gl\/maps\/6TF2f\" target=\"_blank\" rel=\"noopener\">Indications routi\u00e8res<\/a>\u00a0|\u00a0<a title=\"Driving Directions\" href=\"https:\/\/www.google.ca\/maps\/place\/2125+Rue+Notre+Dame,+Lachine,+QC+H8S+2G5\/@45.4345984,-73.6860437,17z\/data=!3m1!4b1!4m5!3m4!1s0x4cc91692e9fec1e5:0x1fc08493479c9f78!8m2!3d45.4345984!4d-73.683855?hl=en\" target=\"_blank\" rel=\"noopener\">Driving Directions<\/a><\/p>\n<p><a title=\"Pr\u00e9visions m\u00e9t\u00e9orologiques\" href=\"http:\/\/www.meteomedia.com\/weather\/caqc0281\" target=\"_blank\" rel=\"noopener\">Pr\u00e9visions m\u00e9t\u00e9orologiques<\/a>\u00a0|\u00a0<a title=\"The Weather Network\" href=\"https:\/\/www.theweathernetwork.com\/ca\" target=\"_blank\" rel=\"noopener\">The Weather Network<\/a><\/p>\n","protected":false},"excerpt":{"rendered":"<p>1934-2022 &nbsp; C\u2019est avec le c\u0153ur lourd que nous vous informons du d\u00e9c\u00e8s de M. Gaston Leduc survenu le 25 octobre dernier \u00e0 Montr\u00e9al. Il est parti rejoindre ses fr\u00e8res Jean-Pierre, Gilles et sa belle-s\u0153ur Colette Coulombe, vers un repos bien m\u00e9rit\u00e9. Il laisse dans le deuil sa s\u0153ur Pierrette (Michel De Schutter) et sa [&hellip;]<\/p>\n","protected":false},"author":7,"featured_media":24479,"comment_status":"open","ping_status":"open","sticky":false,"template":"","format":"standard","meta":{"_seopress_robots_primary_cat":"","_seopress_titles_title":"","_seopress_titles_desc":"","_seopress_robots_index":"","footnotes":""},"categories":[68],"tags":[],"class_list":["post-24478","post","type-post","status-publish","format-standard","has-post-thumbnail","hentry","category-obituaries"],"_links":{"self":[{"href":"https:\/\/jjcardinal.ca\/en\/wp-json\/wp\/v2\/posts\/24478","targetHints":{"allow":["GET"]}}],"collection":[{"href":"https:\/\/jjcardinal.ca\/en\/wp-json\/wp\/v2\/posts"}],"about":[{"href":"https:\/\/jjcardinal.ca\/en\/wp-json\/wp\/v2\/types\/post"}],"author":[{"embeddable":true,"href":"https:\/\/jjcardinal.ca\/en\/wp-json\/wp\/v2\/users\/7"}],"replies":[{"embeddable":true,"href":"https:\/\/jjcardinal.ca\/en\/wp-json\/wp\/v2\/comments?post=24478"}],"version-history":[{"count":3,"href":"https:\/\/jjcardinal.ca\/en\/wp-json\/wp\/v2\/posts\/24478\/revisions"}],"predecessor-version":[{"id":24488,"href":"https:\/\/jjcardinal.ca\/en\/wp-json\/wp\/v2\/posts\/24478\/revisions\/24488"}],"wp:featuredmedia":[{"embeddable":true,"href":"https:\/\/jjcardinal.ca\/en\/wp-json\/wp\/v2\/media\/24479"}],"wp:attachment":[{"href":"https:\/\/jjcardinal.ca\/en\/wp-json\/wp\/v2\/media?parent=24478"}],"wp:term":[{"taxonomy":"category","embeddable":true,"href":"https:\/\/jjcardinal.ca\/en\/wp-json\/wp\/v2\/categories?post=24478"},{"taxonomy":"post_tag","embeddable":true,"href":"https:\/\/jjcardinal.ca\/en\/wp-json\/wp\/v2\/tags?post=24478"}],"curies":[{"name":"wp","href":"https:\/\/api.w.org\/{rel}","templated":true}]}}