{"id":24894,"date":"2022-12-21T16:42:09","date_gmt":"2022-12-21T21:42:09","guid":{"rendered":"https:\/\/jjcardinal.ca\/mme-anita-mercier\/"},"modified":"2022-12-21T16:43:14","modified_gmt":"2022-12-21T21:43:14","slug":"mme-anita-mercier","status":"publish","type":"post","link":"https:\/\/jjcardinal.ca\/en\/mme-anita-mercier\/","title":{"rendered":"Mrs. Anita Mercier"},"content":{"rendered":"<p>1930-2022<\/p>\n<p>C\u2019est avec tristesse que nous vous annon\u00e7ons le d\u00e9c\u00e8s de Mme Anita Mercier, le 16 d\u00e9cembre 2022, \u00e0 l\u2019\u00e2ge de 92ans. Elle est partie rejoindre son tendre \u00e9poux Edmond Sweeney ainsi que son fils Gilles.<\/p>\n<p>Elle laisse dans le deuil ses filles, Gislaine (Donat), Lyse (Serge), Jos\u00e9e (Pierre), ses petits-enfants Julie, Isabelle, Emmanuelle, S\u00e9bastien, Gabriel, Christophe, Kariane, Olivier et Julien mais aussi ses arri\u00e8res-petits-enfants, ainsi que plusieurs autres parents et amis.<\/p>\n<p>La famille recevra les condol\u00e9ances \u00e0 la R\u00e9sidence Fun\u00e9raire J.J. Cardinal, 2125 rue Notre-Dame, Lachine (www.jjcardinal.ca, 514-639-1511) le dimanche 08 janvier 2023 de 10h00 \u00e0 17h00 et ensuite de 19h00 \u00e0 21h00. Les fun\u00e9railles se d\u00e9rouleront le 09 janvier 2023 \u00e0 11h00 \u00e0 la chapelle de la R\u00e9sidence suivi de l\u2019inhumation au cimeti\u00e8re C\u00f4tes-des-Neiges \u00e0 13h00.<\/p>\n<p>Un don \u00e0 la Fondation des pompiers (https:\/\/www.fondationdespompiers.ca\/faire-un-don) serait tr\u00e8s appr\u00e9ci\u00e9 par la famille.<\/p>\n<p>&nbsp;<\/p>\n<p>&nbsp;<\/p>\n<p>&nbsp;<\/p>\n<p><strong>R\u00c9SIDENCE FUN\u00c9RAIRE J.J. CARDINAL FUNERAL HOME<\/strong><\/p>\n<p>2125, rue Notre-Dame, Lachine (Qu\u00e9bec)\u00a0\u00a0H8S 2G5<\/p>\n<p>T\u00e9l. :\u00a0514-639-1511\u00a0|\u00a0T\u00e9l\u00e9c. :\u00a0514-639-1516\u00a0|\u00a0Courriel :\u00a0<a title=\"info@jjcardinal.ca\" href=\"mailto:info@jjcardinal.ca\">info@jjcardinal.ca<\/a><\/p>\n<p><a title=\"Indications routi\u00e8res\" href=\"https:\/\/goo.gl\/maps\/6TF2f\" target=\"_blank\" rel=\"noopener\">Indications routi\u00e8res<\/a>\u00a0|\u00a0<a title=\"Driving Directions\" href=\"https:\/\/www.google.ca\/maps\/place\/2125+Rue+Notre+Dame,+Lachine,+QC+H8S+2G5\/@45.4345984,-73.6860437,17z\/data=!3m1!4b1!4m5!3m4!1s0x4cc91692e9fec1e5:0x1fc08493479c9f78!8m2!3d45.4345984!4d-73.683855?hl=en\" target=\"_blank\" rel=\"noopener\">Driving Directions<\/a><\/p>\n<p><a title=\"Pr\u00e9visions m\u00e9t\u00e9orologiques\" href=\"http:\/\/www.meteomedia.com\/weather\/caqc0281\" target=\"_blank\" rel=\"noopener\">Pr\u00e9visions m\u00e9t\u00e9orologiques<\/a>\u00a0|\u00a0<a title=\"The Weather Network\" href=\"https:\/\/www.theweathernetwork.com\/ca\" target=\"_blank\" rel=\"noopener\">The Weather Network<\/a><\/p>\n","protected":false},"excerpt":{"rendered":"<p>1930-2022 C\u2019est avec tristesse que nous vous annon\u00e7ons le d\u00e9c\u00e8s de Mme Anita Mercier, le 16 d\u00e9cembre 2022, \u00e0 l\u2019\u00e2ge de 92ans. Elle est partie rejoindre son tendre \u00e9poux Edmond Sweeney ainsi que son fils Gilles. Elle laisse dans le deuil ses filles, Gislaine (Donat), Lyse (Serge), Jos\u00e9e (Pierre), ses petits-enfants Julie, Isabelle, Emmanuelle, S\u00e9bastien, [&hellip;]<\/p>\n","protected":false},"author":7,"featured_media":24891,"comment_status":"open","ping_status":"open","sticky":false,"template":"","format":"standard","meta":{"_seopress_robots_primary_cat":"","_seopress_titles_title":"","_seopress_titles_desc":"","_seopress_robots_index":"","footnotes":""},"categories":[68],"tags":[],"class_list":["post-24894","post","type-post","status-publish","format-standard","has-post-thumbnail","hentry","category-obituaries"],"_links":{"self":[{"href":"https:\/\/jjcardinal.ca\/en\/wp-json\/wp\/v2\/posts\/24894","targetHints":{"allow":["GET"]}}],"collection":[{"href":"https:\/\/jjcardinal.ca\/en\/wp-json\/wp\/v2\/posts"}],"about":[{"href":"https:\/\/jjcardinal.ca\/en\/wp-json\/wp\/v2\/types\/post"}],"author":[{"embeddable":true,"href":"https:\/\/jjcardinal.ca\/en\/wp-json\/wp\/v2\/users\/7"}],"replies":[{"embeddable":true,"href":"https:\/\/jjcardinal.ca\/en\/wp-json\/wp\/v2\/comments?post=24894"}],"version-history":[{"count":1,"href":"https:\/\/jjcardinal.ca\/en\/wp-json\/wp\/v2\/posts\/24894\/revisions"}],"predecessor-version":[{"id":24895,"href":"https:\/\/jjcardinal.ca\/en\/wp-json\/wp\/v2\/posts\/24894\/revisions\/24895"}],"wp:featuredmedia":[{"embeddable":true,"href":"https:\/\/jjcardinal.ca\/en\/wp-json\/wp\/v2\/media\/24891"}],"wp:attachment":[{"href":"https:\/\/jjcardinal.ca\/en\/wp-json\/wp\/v2\/media?parent=24894"}],"wp:term":[{"taxonomy":"category","embeddable":true,"href":"https:\/\/jjcardinal.ca\/en\/wp-json\/wp\/v2\/categories?post=24894"},{"taxonomy":"post_tag","embeddable":true,"href":"https:\/\/jjcardinal.ca\/en\/wp-json\/wp\/v2\/tags?post=24894"}],"curies":[{"name":"wp","href":"https:\/\/api.w.org\/{rel}","templated":true}]}}