{"id":25049,"date":"2023-01-09T17:35:50","date_gmt":"2023-01-09T22:35:50","guid":{"rendered":"https:\/\/jjcardinal.ca\/mme-lise-chamberland\/"},"modified":"2023-01-09T17:36:42","modified_gmt":"2023-01-09T22:36:42","slug":"mme-lise-chamberland","status":"publish","type":"post","link":"https:\/\/jjcardinal.ca\/en\/mme-lise-chamberland\/","title":{"rendered":"Mrs. Lise Chamberland"},"content":{"rendered":"<p>1934-2023<\/p>\n<p>&nbsp;<\/p>\n<p>C\u2019est avec une grande tristesse que nous avons annon\u00e7ons le d\u00e9c\u00e8s de Mme Lise Chamberland \u00e0 l\u2019\u00e2ge de 88ans. Elle part rejoindre son tendre \u00e9poux Salvator Luci ainsi que son fils Gino Luci.<\/p>\n<p>Elle laisse dans le deuil sa fille Francine (Jean-Marc), ses petits-enfants Dominic, Marc-Andr\u00e9 (Doriane), Gina, Simon (France). Ainsi que ses arri\u00e8res-petits-enfants tant aim\u00e9s.<\/p>\n<p>Les fun\u00e9railles auront lieu le Samedi 14 janvier 2023 \u00e0 compter de 09h00 suivi de la c\u00e9r\u00e9monie religieuse \u00e0 10h00 \u00e0 la paroisse des Saints-Anges, 1400 boul. St-Joseph \u00e0 Lachine, Qc.<\/p>\n<p>&nbsp;<\/p>\n<p>&nbsp;<\/p>\n<p>&nbsp;<\/p>\n<p><strong>R\u00c9SIDENCE FUN\u00c9RAIRE J.J. CARDINAL FUNERAL HOME<\/strong><\/p>\n<p>2125, rue Notre-Dame, Lachine (Qu\u00e9bec)\u00a0\u00a0H8S 2G5<\/p>\n<p>T\u00e9l. :\u00a0514-639-1511\u00a0|\u00a0T\u00e9l\u00e9c. :\u00a0514-639-1516\u00a0|\u00a0Courriel :\u00a0<a title=\"info@jjcardinal.ca\" href=\"mailto:info@jjcardinal.ca\">info@jjcardinal.ca<\/a><\/p>\n<p><a title=\"Indications routi\u00e8res\" href=\"https:\/\/goo.gl\/maps\/6TF2f\" target=\"_blank\" rel=\"noopener\">Indications routi\u00e8res<\/a>\u00a0|\u00a0<a title=\"Driving Directions\" href=\"https:\/\/www.google.ca\/maps\/place\/2125+Rue+Notre+Dame,+Lachine,+QC+H8S+2G5\/@45.4345984,-73.6860437,17z\/data=!3m1!4b1!4m5!3m4!1s0x4cc91692e9fec1e5:0x1fc08493479c9f78!8m2!3d45.4345984!4d-73.683855?hl=en\" target=\"_blank\" rel=\"noopener\">Driving Directions<\/a><\/p>\n<p><a title=\"Pr\u00e9visions m\u00e9t\u00e9orologiques\" href=\"http:\/\/www.meteomedia.com\/weather\/caqc0281\" target=\"_blank\" rel=\"noopener\">Pr\u00e9visions m\u00e9t\u00e9orologiques<\/a>\u00a0|\u00a0<a title=\"The Weather Network\" href=\"https:\/\/www.theweathernetwork.com\/ca\" target=\"_blank\" rel=\"noopener\">The Weather Network<\/a><\/p>\n","protected":false},"excerpt":{"rendered":"<p>1934-2023 &nbsp; C\u2019est avec une grande tristesse que nous avons annon\u00e7ons le d\u00e9c\u00e8s de Mme Lise Chamberland \u00e0 l\u2019\u00e2ge de 88ans. Elle part rejoindre son tendre \u00e9poux Salvator Luci ainsi que son fils Gino Luci. Elle laisse dans le deuil sa fille Francine (Jean-Marc), ses petits-enfants Dominic, Marc-Andr\u00e9 (Doriane), Gina, Simon (France). Ainsi que ses [&hellip;]<\/p>\n","protected":false},"author":7,"featured_media":25046,"comment_status":"open","ping_status":"open","sticky":false,"template":"","format":"standard","meta":{"_seopress_robots_primary_cat":"","_seopress_titles_title":"","_seopress_titles_desc":"","_seopress_robots_index":"","footnotes":""},"categories":[68],"tags":[],"class_list":["post-25049","post","type-post","status-publish","format-standard","has-post-thumbnail","hentry","category-obituaries"],"_links":{"self":[{"href":"https:\/\/jjcardinal.ca\/en\/wp-json\/wp\/v2\/posts\/25049","targetHints":{"allow":["GET"]}}],"collection":[{"href":"https:\/\/jjcardinal.ca\/en\/wp-json\/wp\/v2\/posts"}],"about":[{"href":"https:\/\/jjcardinal.ca\/en\/wp-json\/wp\/v2\/types\/post"}],"author":[{"embeddable":true,"href":"https:\/\/jjcardinal.ca\/en\/wp-json\/wp\/v2\/users\/7"}],"replies":[{"embeddable":true,"href":"https:\/\/jjcardinal.ca\/en\/wp-json\/wp\/v2\/comments?post=25049"}],"version-history":[{"count":1,"href":"https:\/\/jjcardinal.ca\/en\/wp-json\/wp\/v2\/posts\/25049\/revisions"}],"predecessor-version":[{"id":25050,"href":"https:\/\/jjcardinal.ca\/en\/wp-json\/wp\/v2\/posts\/25049\/revisions\/25050"}],"wp:featuredmedia":[{"embeddable":true,"href":"https:\/\/jjcardinal.ca\/en\/wp-json\/wp\/v2\/media\/25046"}],"wp:attachment":[{"href":"https:\/\/jjcardinal.ca\/en\/wp-json\/wp\/v2\/media?parent=25049"}],"wp:term":[{"taxonomy":"category","embeddable":true,"href":"https:\/\/jjcardinal.ca\/en\/wp-json\/wp\/v2\/categories?post=25049"},{"taxonomy":"post_tag","embeddable":true,"href":"https:\/\/jjcardinal.ca\/en\/wp-json\/wp\/v2\/tags?post=25049"}],"curies":[{"name":"wp","href":"https:\/\/api.w.org\/{rel}","templated":true}]}}