{"id":25143,"date":"2023-01-25T17:54:54","date_gmt":"2023-01-25T22:54:54","guid":{"rendered":"https:\/\/jjcardinal.ca\/m-jean-cote\/"},"modified":"2023-01-25T17:55:36","modified_gmt":"2023-01-25T22:55:36","slug":"m-jean-cote","status":"publish","type":"post","link":"https:\/\/jjcardinal.ca\/en\/m-jean-cote\/","title":{"rendered":"Mr. Jean C\u00f4t\u00e9"},"content":{"rendered":"<p>1932-2023<\/p>\n<p>&nbsp;<\/p>\n<p>\u00c0 l\u2019h\u00f4pital St-Joseph de Lachine, le 24 janvier 2023, est d\u00e9c\u00e9d\u00e9 Monsieur Jean C\u00f4t\u00e9 \u00e0 l\u2019\u00e2ge de 90 ans. Il \u00e9tait l\u2019\u00e9poux de Madame Fran\u00e7oise Polino, depuis les derni\u00e8res 66 ann\u00e9es.<\/p>\n<p>Il laisse dans le deuil ses enfants\u00a0: Manon, Ginette (Pierre Julien) et Lyne (Yvon Houle), ses petits-enfants\u00a0: Benoit (Dominique), V\u00e9ronique (Guillaume), Jean-Pierre (Marie-\u00c8ve), Vanessa, St\u00e9phane (Cynthia), Martine et Marc-Andr\u00e9 (Caroline), ses arri\u00e8re-petits-enfants\u00a0: Louis,\u00a0\u00c9lie et Gabriel, ainsi que Robert et Pierre.<\/p>\n<p>Il laisse \u00e9galement dans le deuil son fr\u00e8re Jacques (Ghislaine) et sa s\u0153ur Murielle (Andr\u00e9), ainsi que plusieurs neveux et ni\u00e8ces, amis et confr\u00e8res de travail.<\/p>\n<p>La famille recevra les condol\u00e9ances le dimanche 29 janvier 2023 \u00e0 la R\u00e9sidence Fun\u00e9raire J.J. Cardinal, 2125 rue Notre-Dame, Lachine (<a href=\"http:\/\/www.jjcardinal.ca\">www.jjcardinal.ca<\/a>, 514-639-1511), de 11h \u00e0 15h, suivi des fun\u00e9railles dans la chapelle de la R\u00e9sidence \u00e0 15h00.<\/p>\n<p>La famille aimerait remercier les ambulanciers, le personnel de l\u2019urgence ainsi que tout le personnel du 4 i\u00e8me \u00e9tage et soins palliatifs de l\u2019H\u00f4pital St-Joseph de Lachine pour l\u2019accompagnement et les bons soins prodigu\u00e9s \u00e0 Monsieur C\u00f4t\u00e9.<\/p>\n<p>Au lieu de fleurs, veuillez s\u2019il te pla\u00eet faire des dons \u00e0 l\u2019H\u00f4pital de St-Joseph de Lachine ou \u00e0 la Soci\u00e9t\u00e9 Qu\u00e9b\u00e9coise du cancer.<\/p>\n<p><strong>R\u00c9SIDENCE FUN\u00c9RAIRE J.J. CARDINAL FUNERAL HOME<\/strong><\/p>\n<p>2125, rue Notre-Dame, Lachine (Qu\u00e9bec)\u00a0\u00a0H8S 2G5<\/p>\n<p>T\u00e9l. :\u00a0514-639-1511\u00a0|\u00a0T\u00e9l\u00e9c. :\u00a0514-639-1516\u00a0|\u00a0Courriel :\u00a0<a title=\"info@jjcardinal.ca\" href=\"mailto:info@jjcardinal.ca\">info@jjcardinal.ca<\/a><\/p>\n<p><a title=\"Indications routi\u00e8res\" href=\"https:\/\/goo.gl\/maps\/6TF2f\" target=\"_blank\" rel=\"noopener\">Indications routi\u00e8res<\/a>\u00a0|\u00a0<a title=\"Driving Directions\" href=\"https:\/\/www.google.ca\/maps\/place\/2125+Rue+Notre+Dame,+Lachine,+QC+H8S+2G5\/@45.4345984,-73.6860437,17z\/data=!3m1!4b1!4m5!3m4!1s0x4cc91692e9fec1e5:0x1fc08493479c9f78!8m2!3d45.4345984!4d-73.683855?hl=en\" target=\"_blank\" rel=\"noopener\">Driving Directions<\/a><\/p>\n<p><a title=\"Pr\u00e9visions m\u00e9t\u00e9orologiques\" href=\"http:\/\/www.meteomedia.com\/weather\/caqc0281\" target=\"_blank\" rel=\"noopener\">Pr\u00e9visions m\u00e9t\u00e9orologiques<\/a>\u00a0|\u00a0<a title=\"The Weather Network\" href=\"https:\/\/www.theweathernetwork.com\/ca\" target=\"_blank\" rel=\"noopener\">The Weather Network<\/a><\/p>\n","protected":false},"excerpt":{"rendered":"<p>1932-2023 &nbsp; \u00c0 l\u2019h\u00f4pital St-Joseph de Lachine, le 24 janvier 2023, est d\u00e9c\u00e9d\u00e9 Monsieur Jean C\u00f4t\u00e9 \u00e0 l\u2019\u00e2ge de 90 ans. Il \u00e9tait l\u2019\u00e9poux de Madame Fran\u00e7oise Polino, depuis les derni\u00e8res 66 ann\u00e9es. Il laisse dans le deuil ses enfants\u00a0: Manon, Ginette (Pierre Julien) et Lyne (Yvon Houle), ses petits-enfants\u00a0: Benoit (Dominique), V\u00e9ronique (Guillaume), Jean-Pierre [&hellip;]<\/p>\n","protected":false},"author":58,"featured_media":25140,"comment_status":"open","ping_status":"open","sticky":false,"template":"","format":"standard","meta":{"_seopress_robots_primary_cat":"","_seopress_titles_title":"","_seopress_titles_desc":"","_seopress_robots_index":"","footnotes":""},"categories":[68],"tags":[],"class_list":["post-25143","post","type-post","status-publish","format-standard","has-post-thumbnail","hentry","category-obituaries"],"_links":{"self":[{"href":"https:\/\/jjcardinal.ca\/en\/wp-json\/wp\/v2\/posts\/25143","targetHints":{"allow":["GET"]}}],"collection":[{"href":"https:\/\/jjcardinal.ca\/en\/wp-json\/wp\/v2\/posts"}],"about":[{"href":"https:\/\/jjcardinal.ca\/en\/wp-json\/wp\/v2\/types\/post"}],"author":[{"embeddable":true,"href":"https:\/\/jjcardinal.ca\/en\/wp-json\/wp\/v2\/users\/58"}],"replies":[{"embeddable":true,"href":"https:\/\/jjcardinal.ca\/en\/wp-json\/wp\/v2\/comments?post=25143"}],"version-history":[{"count":1,"href":"https:\/\/jjcardinal.ca\/en\/wp-json\/wp\/v2\/posts\/25143\/revisions"}],"predecessor-version":[{"id":25144,"href":"https:\/\/jjcardinal.ca\/en\/wp-json\/wp\/v2\/posts\/25143\/revisions\/25144"}],"wp:featuredmedia":[{"embeddable":true,"href":"https:\/\/jjcardinal.ca\/en\/wp-json\/wp\/v2\/media\/25140"}],"wp:attachment":[{"href":"https:\/\/jjcardinal.ca\/en\/wp-json\/wp\/v2\/media?parent=25143"}],"wp:term":[{"taxonomy":"category","embeddable":true,"href":"https:\/\/jjcardinal.ca\/en\/wp-json\/wp\/v2\/categories?post=25143"},{"taxonomy":"post_tag","embeddable":true,"href":"https:\/\/jjcardinal.ca\/en\/wp-json\/wp\/v2\/tags?post=25143"}],"curies":[{"name":"wp","href":"https:\/\/api.w.org\/{rel}","templated":true}]}}