{"id":25595,"date":"2023-05-01T15:42:57","date_gmt":"2023-05-01T19:42:57","guid":{"rendered":"https:\/\/jjcardinal.ca\/25589\/"},"modified":"2023-05-02T14:33:09","modified_gmt":"2023-05-02T18:33:09","slug":"25589","status":"publish","type":"post","link":"https:\/\/jjcardinal.ca\/en\/25589\/","title":{"rendered":"Mr. Alexandre Sauv\u00e9"},"content":{"rendered":"<p>1995-2023<\/p>\n<p>&nbsp;<\/p>\n<p>It is with profound grief that we announce the passing of our dear beloved son Alexandre, the sunshine of our universe, the shining star that marked all those who shared a slice of his life.<\/p>\n<p>&nbsp;<\/p>\n<p>He will forever be missed and remain in the hearts of his mother Louise Rickerd and father Richard Sauv\u00e9, and his beloved family: his aunts, his uncles, and his cousins, as well as so many of his friends an bvvnd colleagues, whose testimonials attest to Alexandre\u2019s extraordinary sensitivity, caring, talent, and topmost, the beautiful soul that defined him.<\/p>\n<p>&nbsp;<\/p>\n<p>A Celebration of life ceremony will be held for family and friends, featuring Alexandre\u2019s art and music in recognition of the unique legacy he has left in the course of his crossing in our lives.<\/p>\n<p>&nbsp;<\/p>\n<p>DETAILS OF THE CELEBRATION OF LIFE\u00a0:<\/p>\n<p>&nbsp;<\/p>\n<p>DATE\u00a0: \u00a0\u00a0\u00a0\u00a0\u00a0\u00a0\u00a0\u00a0\u00a0\u00a0\u00a0 Friday May 26, 2023<\/p>\n<p>PLACE\u00a0: \u00a0\u00a0\u00a0\u00a0\u00a0\u00a0\u00a0\u00a0\u00a0\u00a0 Sarto-Desnoyers Community Centre; 1335 chemin Bord-du-Lac-Lakeshore,<br \/>\nDorval, Quebec H9S 2E5<\/p>\n<p>TIME:<\/p>\n<p>6 p.m.\u00a0 to 7 p.m\u00a0:\u00a0\u00a0\u00a0\u00a0\u00a0\u00a0\u00a0 The family will receive condolences.<\/p>\n<p>7 p.m.\u00a0 to 8 p.m\u00a0:\u00a0\u00a0\u00a0\u00a0\u00a0\u00a0\u00a0\u00a0 Official farewell ceremony and tributes to the deceased.<\/p>\n<p>After the closing of the official ceremony and the final homage, the Celebration of life will continue until 10:30 p.m.<\/p>\n<p>&nbsp;<\/p>\n<p>&nbsp;<\/p>\n<p>&nbsp;<\/p>\n<p><strong>R\u00c9SIDENCE FUN\u00c9RAIRE J.J. CARDINAL FUNERAL HOME<\/strong><\/p>\n<p>560, Chemin Bord du Lac, Dorval (Qu\u00e9bec)\u00a0\u00a0H9S 2B3<\/p>\n<p>T\u00e9l. :\u00a0514-631-1511\u00a0|\u00a0T\u00e9l\u00e9c. :\u00a0514-631-1516\u00a0|\u00a0Courriel :\u00a0<a title=\"info@jjcardinal.ca\" href=\"mailto:info@jjcardinal.ca\">info@jjcardinal.ca<\/a><\/p>\n<p><a title=\"Indications routi\u00e8res\" href=\"https:\/\/goo.gl\/maps\/6TF2f\" target=\"_blank\" rel=\"noopener\">Indications routi\u00e8res<\/a>\u00a0|\u00a0<a title=\"Driving Directions\" href=\"https:\/\/www.google.ca\/maps\/place\/2125+Rue+Notre+Dame,+Lachine,+QC+H8S+2G5\/@45.4345984,-73.6860437,17z\/data=!3m1!4b1!4m5!3m4!1s0x4cc91692e9fec1e5:0x1fc08493479c9f78!8m2!3d45.4345984!4d-73.683855?hl=en\" target=\"_blank\" rel=\"noopener\">Driving Directions<\/a><\/p>\n<p><a title=\"Pr\u00e9visions m\u00e9t\u00e9orologiques\" href=\"http:\/\/www.meteomedia.com\/weather\/caqc0281\" target=\"_blank\" rel=\"noopener\">Pr\u00e9visions m\u00e9t\u00e9orologiques<\/a>\u00a0|\u00a0<a title=\"The Weather Network\" href=\"https:\/\/www.theweathernetwork.com\/ca\" target=\"_blank\" rel=\"noopener\">The Weather Network<\/a><\/p>\n","protected":false},"excerpt":{"rendered":"<p>1995-2023 &nbsp; It is with profound grief that we announce the passing of our dear beloved son Alexandre, the sunshine of our universe, the shining star that marked all those who shared a slice of his life. &nbsp; He will forever be missed and remain in the hearts of his mother Louise Rickerd and father [&hellip;]<\/p>\n","protected":false},"author":58,"featured_media":25598,"comment_status":"open","ping_status":"open","sticky":false,"template":"","format":"standard","meta":{"_seopress_robots_primary_cat":"","_seopress_titles_title":"","_seopress_titles_desc":"","_seopress_robots_index":"","footnotes":""},"categories":[68],"tags":[],"class_list":["post-25595","post","type-post","status-publish","format-standard","has-post-thumbnail","hentry","category-obituaries"],"_links":{"self":[{"href":"https:\/\/jjcardinal.ca\/en\/wp-json\/wp\/v2\/posts\/25595","targetHints":{"allow":["GET"]}}],"collection":[{"href":"https:\/\/jjcardinal.ca\/en\/wp-json\/wp\/v2\/posts"}],"about":[{"href":"https:\/\/jjcardinal.ca\/en\/wp-json\/wp\/v2\/types\/post"}],"author":[{"embeddable":true,"href":"https:\/\/jjcardinal.ca\/en\/wp-json\/wp\/v2\/users\/58"}],"replies":[{"embeddable":true,"href":"https:\/\/jjcardinal.ca\/en\/wp-json\/wp\/v2\/comments?post=25595"}],"version-history":[{"count":8,"href":"https:\/\/jjcardinal.ca\/en\/wp-json\/wp\/v2\/posts\/25595\/revisions"}],"predecessor-version":[{"id":25944,"href":"https:\/\/jjcardinal.ca\/en\/wp-json\/wp\/v2\/posts\/25595\/revisions\/25944"}],"wp:featuredmedia":[{"embeddable":true,"href":"https:\/\/jjcardinal.ca\/en\/wp-json\/wp\/v2\/media\/25598"}],"wp:attachment":[{"href":"https:\/\/jjcardinal.ca\/en\/wp-json\/wp\/v2\/media?parent=25595"}],"wp:term":[{"taxonomy":"category","embeddable":true,"href":"https:\/\/jjcardinal.ca\/en\/wp-json\/wp\/v2\/categories?post=25595"},{"taxonomy":"post_tag","embeddable":true,"href":"https:\/\/jjcardinal.ca\/en\/wp-json\/wp\/v2\/tags?post=25595"}],"curies":[{"name":"wp","href":"https:\/\/api.w.org\/{rel}","templated":true}]}}