{"id":25991,"date":"2023-05-09T10:06:48","date_gmt":"2023-05-09T14:06:48","guid":{"rendered":"https:\/\/jjcardinal.ca\/mme-maureen-embree-nee-vaughan\/"},"modified":"2023-05-09T19:43:07","modified_gmt":"2023-05-09T23:43:07","slug":"mme-maureen-embree-nee-vaughan","status":"publish","type":"post","link":"https:\/\/jjcardinal.ca\/en\/mme-maureen-embree-nee-vaughan\/","title":{"rendered":"Mrs Maureen Embree  nee Vaughan"},"content":{"rendered":"<p>It is with heavy hearts that we announce the passing of Maureen Embree (nee Vaughan) on May 1, 2023 in her 92nd year, wife of the late William John Embree.<\/p>\n<p>Loving mother of Victoria (Brian). Cherished grandmother of Sean, Jennifer, Evan and Tyler and great grandmother of Cayleigh and Jahsiah. Predeceased by her son Stephen and daughter Susan.<\/p>\n<p>We were blessed to have had her in our lives for so many years and honoured to have surrounded her with love until the end. She will be missed by those who loved her. Nan to many, Mrs. E to others and a friend to all who had the privilege of knowing her.<\/p>\n<p>The family is grateful to the staff at Mount Saini Hospital\u2019s Palliative Care Unit<\/p>\n<p>May the road rise up to meet you.<br \/>\nMay the wind be always at your back.<br \/>\nMay the sun shine warm upon your face,<br \/>\nThe rains fall soft upon your fields,<br \/>\nAnd, until we meet again,<br \/>\nMay God hold you in the palm of His hand.<\/p>\n<p>The family will receive condolences at J.J. Cardinal Funeral Home, 2125 Notre-Dame,<br \/>\nLachine, H8S 2G5, 514-639-1511, from 2pm to 4pm on Saturday, May 13, 2023. Ceremony<br \/>\nwill follow at 4pm at J.J. Cardinal Chapel.<\/p>\n<p>&nbsp;<\/p>\n<p>&nbsp;<\/p>\n<p><strong>\u00a0<\/strong><\/p>\n<p><strong>R\u00c9SIDENCE FUN\u00c9RAIRE J.J. CARDINAL FUNERAL HOME<\/strong><\/p>\n<p>2125, rue Notre-Dame, Lachine (Qu\u00e9bec)\u00a0\u00a0H8S 2G5<\/p>\n<p>T\u00e9l. :\u00a0514-639-1511\u00a0|\u00a0T\u00e9l\u00e9c. :\u00a0514-639-1516\u00a0|\u00a0Courriel :\u00a0<a href=\"mailto:info@jjcardinal.ca\">info@jjcardinal.ca<\/a><\/p>\n<p><a href=\"https:\/\/goo.gl\/maps\/6TF2f\">Indications routi\u00e8res<\/a> | <a href=\"https:\/\/www.google.ca\/maps\/place\/2125+Rue+Notre+Dame,+Lachine,+QC+H8S+2G5\/@45.4345984,-73.6860437,17z\/data=!3m1!4b1!4m5!3m4!1s0x4cc91692e9fec1e5:0x1fc08493479c9f78!8m2!3d45.4345984!4d-73.683855?hl=en\">Driving Directions<\/a><\/p>\n<p><a href=\"http:\/\/www.meteomedia.com\/weather\/caqc0281\">Pr\u00e9visions m\u00e9t\u00e9orologiques<\/a> | <a href=\"https:\/\/www.theweathernetwork.com\/ca\">The Weather Network<\/a><\/p>\n<p>&nbsp;<\/p>\n","protected":false},"excerpt":{"rendered":"<p>It is with heavy hearts that we announce the passing of Maureen Embree (nee Vaughan) on May 1, 2023 in her 92nd year, wife of the late William John Embree. Loving mother of Victoria (Brian). Cherished grandmother of Sean, Jennifer, Evan and Tyler and great grandmother of Cayleigh and Jahsiah. Predeceased by her son Stephen [&hellip;]<\/p>\n","protected":false},"author":7,"featured_media":25988,"comment_status":"open","ping_status":"open","sticky":false,"template":"","format":"standard","meta":{"_seopress_robots_primary_cat":"","_seopress_titles_title":"","_seopress_titles_desc":"","_seopress_robots_index":"","footnotes":""},"categories":[68],"tags":[],"class_list":["post-25991","post","type-post","status-publish","format-standard","has-post-thumbnail","hentry","category-obituaries"],"_links":{"self":[{"href":"https:\/\/jjcardinal.ca\/en\/wp-json\/wp\/v2\/posts\/25991","targetHints":{"allow":["GET"]}}],"collection":[{"href":"https:\/\/jjcardinal.ca\/en\/wp-json\/wp\/v2\/posts"}],"about":[{"href":"https:\/\/jjcardinal.ca\/en\/wp-json\/wp\/v2\/types\/post"}],"author":[{"embeddable":true,"href":"https:\/\/jjcardinal.ca\/en\/wp-json\/wp\/v2\/users\/7"}],"replies":[{"embeddable":true,"href":"https:\/\/jjcardinal.ca\/en\/wp-json\/wp\/v2\/comments?post=25991"}],"version-history":[{"count":3,"href":"https:\/\/jjcardinal.ca\/en\/wp-json\/wp\/v2\/posts\/25991\/revisions"}],"predecessor-version":[{"id":26011,"href":"https:\/\/jjcardinal.ca\/en\/wp-json\/wp\/v2\/posts\/25991\/revisions\/26011"}],"wp:featuredmedia":[{"embeddable":true,"href":"https:\/\/jjcardinal.ca\/en\/wp-json\/wp\/v2\/media\/25988"}],"wp:attachment":[{"href":"https:\/\/jjcardinal.ca\/en\/wp-json\/wp\/v2\/media?parent=25991"}],"wp:term":[{"taxonomy":"category","embeddable":true,"href":"https:\/\/jjcardinal.ca\/en\/wp-json\/wp\/v2\/categories?post=25991"},{"taxonomy":"post_tag","embeddable":true,"href":"https:\/\/jjcardinal.ca\/en\/wp-json\/wp\/v2\/tags?post=25991"}],"curies":[{"name":"wp","href":"https:\/\/api.w.org\/{rel}","templated":true}]}}