{"id":26092,"date":"2023-05-16T18:47:34","date_gmt":"2023-05-16T22:47:34","guid":{"rendered":"https:\/\/jjcardinal.ca\/m-marcello-ferrante\/"},"modified":"2023-05-16T18:48:21","modified_gmt":"2023-05-16T22:48:21","slug":"m-marcello-ferrante","status":"publish","type":"post","link":"https:\/\/jjcardinal.ca\/en\/m-marcello-ferrante\/","title":{"rendered":"Mr. Marcello Ferrante"},"content":{"rendered":"<p>Peacefully at home, with his loving family by his aide, it is with profound sadness that the family of Marcello Ferrante announce his passing on Monday May 15, 2023.<\/p>\n<p>Beloved husband of Rosetta Fiala Ferrante of 49 years, loving father of Maria-Elena, Carlo (Christina) and adored nonno of Selena and Tiana.<br \/>\nPre-deceased by his parents, Maria and Tenio, sisters Assunta, Ada and brother Remo. Marcello is survived by his siblings Tito (Nina) in Montreal, Frediana in New Jersey, Lanfranco, Raffaele and Flavia in Italy, his sister-in-law Tina Fiala, many nieces, nephews, family and many friends.<\/p>\n<p>Marcello lived each day with grace, dignity and kindness. He was a true gentleman, with his family always his top priority, together with his love of good meal, good wine and of course, soccer. The loss is huge, and Marcello will not be forgotten by any of the many people he touched.<\/p>\n<p>Family will receive condoleances Thursday from 2 to 4:30 and 7 to 9 p.m. Friday from 9h30 at J.J. Cardinal Funeral home, 2125 Notre-Dame st, Lachine.<br \/>\nFuneral at Missione Dell\u2019Annunziata Church on Friday May 19, 2023 at 11:00 a.m. thence to Lachine Cemetery.<\/p>\n<p>&nbsp;<\/p>\n<p>&nbsp;<\/p>\n<p><strong>R\u00c9SIDENCE FUN\u00c9RAIRE J.J. CARDINAL FUNERAL HOME<\/strong><\/p>\n<p>2125, rue Notre-Dame, Lachine (Qu\u00e9bec)\u00a0\u00a0H8S 2G5<\/p>\n<p>T\u00e9l. :\u00a0514-639-1511\u00a0|\u00a0T\u00e9l\u00e9c. :\u00a0514-639-1516\u00a0|\u00a0Courriel :\u00a0<a title=\"info@jjcardinal.ca\" href=\"mailto:info@jjcardinal.ca\">info@jjcardinal.ca<\/a><\/p>\n<p><a title=\"Indications routi\u00e8res\" href=\"https:\/\/goo.gl\/maps\/6TF2f\" target=\"_blank\" rel=\"noopener\">Indications routi\u00e8res<\/a>\u00a0|\u00a0<a title=\"Driving Directions\" href=\"https:\/\/www.google.ca\/maps\/place\/2125+Rue+Notre+Dame,+Lachine,+QC+H8S+2G5\/@45.4345984,-73.6860437,17z\/data=!3m1!4b1!4m5!3m4!1s0x4cc91692e9fec1e5:0x1fc08493479c9f78!8m2!3d45.4345984!4d-73.683855?hl=en\" target=\"_blank\" rel=\"noopener\">Driving Directions<\/a><\/p>\n<p><a title=\"Pr\u00e9visions m\u00e9t\u00e9orologiques\" href=\"http:\/\/www.meteomedia.com\/weather\/caqc0281\" target=\"_blank\" rel=\"noopener\">Pr\u00e9visions m\u00e9t\u00e9orologiques<\/a>\u00a0|\u00a0<a title=\"The Weather Network\" href=\"https:\/\/www.theweathernetwork.com\/ca\" target=\"_blank\" rel=\"noopener\">The Weather Network<\/a><\/p>\n","protected":false},"excerpt":{"rendered":"<p>Peacefully at home, with his loving family by his aide, it is with profound sadness that the family of Marcello Ferrante announce his passing on Monday May 15, 2023. Beloved husband of Rosetta Fiala Ferrante of 49 years, loving father of Maria-Elena, Carlo (Christina) and adored nonno of Selena and Tiana. Pre-deceased by his parents, [&hellip;]<\/p>\n","protected":false},"author":7,"featured_media":26089,"comment_status":"open","ping_status":"open","sticky":false,"template":"","format":"standard","meta":{"_seopress_robots_primary_cat":"","_seopress_titles_title":"","_seopress_titles_desc":"","_seopress_robots_index":"","footnotes":""},"categories":[68],"tags":[],"class_list":["post-26092","post","type-post","status-publish","format-standard","has-post-thumbnail","hentry","category-obituaries"],"_links":{"self":[{"href":"https:\/\/jjcardinal.ca\/en\/wp-json\/wp\/v2\/posts\/26092","targetHints":{"allow":["GET"]}}],"collection":[{"href":"https:\/\/jjcardinal.ca\/en\/wp-json\/wp\/v2\/posts"}],"about":[{"href":"https:\/\/jjcardinal.ca\/en\/wp-json\/wp\/v2\/types\/post"}],"author":[{"embeddable":true,"href":"https:\/\/jjcardinal.ca\/en\/wp-json\/wp\/v2\/users\/7"}],"replies":[{"embeddable":true,"href":"https:\/\/jjcardinal.ca\/en\/wp-json\/wp\/v2\/comments?post=26092"}],"version-history":[{"count":1,"href":"https:\/\/jjcardinal.ca\/en\/wp-json\/wp\/v2\/posts\/26092\/revisions"}],"predecessor-version":[{"id":26093,"href":"https:\/\/jjcardinal.ca\/en\/wp-json\/wp\/v2\/posts\/26092\/revisions\/26093"}],"wp:featuredmedia":[{"embeddable":true,"href":"https:\/\/jjcardinal.ca\/en\/wp-json\/wp\/v2\/media\/26089"}],"wp:attachment":[{"href":"https:\/\/jjcardinal.ca\/en\/wp-json\/wp\/v2\/media?parent=26092"}],"wp:term":[{"taxonomy":"category","embeddable":true,"href":"https:\/\/jjcardinal.ca\/en\/wp-json\/wp\/v2\/categories?post=26092"},{"taxonomy":"post_tag","embeddable":true,"href":"https:\/\/jjcardinal.ca\/en\/wp-json\/wp\/v2\/tags?post=26092"}],"curies":[{"name":"wp","href":"https:\/\/api.w.org\/{rel}","templated":true}]}}