{"id":26162,"date":"2023-05-26T17:06:06","date_gmt":"2023-05-26T21:06:06","guid":{"rendered":"https:\/\/jjcardinal.ca\/m-jacques-tremblay\/"},"modified":"2023-05-26T17:06:58","modified_gmt":"2023-05-26T21:06:58","slug":"m-jacques-tremblay","status":"publish","type":"post","link":"https:\/\/jjcardinal.ca\/en\/m-jacques-tremblay\/","title":{"rendered":"Mr. Jacques Tremblay"},"content":{"rendered":"<p><em>1946 \u2013 2023<\/em><\/p>\n<p>&nbsp;<\/p>\n<p><em>C\u2019est avec une profonde tristesse que nous annon\u00e7ons le d\u00e9c\u00e8s de M. Jacques Tremblay \u00e9poux de Mme Ga\u00e9tane Miron. <\/em><\/p>\n<p><em>\u00a0<\/em><\/p>\n<p><em>Outre son \u00e9pouse il laisse dans le deuil ses enfants, Cindy (Patrick), Chantal (Yann), Jonathan (Genevi\u00e8ve) et Fr\u00e9d\u00e9ric. <\/em><\/p>\n<p><em>Ses petits-enfants, Liam, J\u00e9r\u00e9my et Alexane. <\/em><\/p>\n<p><em>Ses s\u0153urs, Margot (Louis), Nicole (Andr\u00e9). <\/em><\/p>\n<p><em>Ainsi que plusieurs autres parents et amis. <\/em><\/p>\n<p>&nbsp;<\/p>\n<p><em>La famille recevra les condol\u00e9ances le Samedi 3 juin 2023 de 14h00 \u00e0 17h00 au Salon fun\u00e9raire JJ Cardinal situ\u00e9 \u00e0 Lachine (<\/em><em><a href=\"https:\/\/www.jjcardinal.ca\/\">www.jjcardinal.ca<\/a><\/em><em>).\u00a0 Une c\u00e9l\u00e9bration suivra dans la chapelle du Salon fun\u00e9raire \u00e0 17h00.<\/em><\/p>\n<p><em>\u00a0<\/em><\/p>\n<p><strong><em>R\u00c9SIDENCE FUN\u00c9RAIRE J.J. CARDINAL FUNERAL HOME<\/em><\/strong><\/p>\n<p><em>2125, rue Notre-Dame, Lachine (Qu\u00e9bec)\u00a0\u00a0H8S 2G5<\/em><\/p>\n<p><em>T\u00e9l. :\u00a0514-639-1511\u00a0|\u00a0T\u00e9l\u00e9c. :\u00a0514-639-1516\u00a0|\u00a0Courriel :\u00a0<\/em><em><a href=\"mailto:info@jjcardinal.ca\">info@jjcardinal.ca<\/a><\/em><\/p>\n<p><em><a href=\"https:\/\/goo.gl\/maps\/6TF2f\">Indications routi\u00e8res<\/a>\u00a0|\u00a0<a href=\"https:\/\/www.google.ca\/maps\/place\/2125+Rue+Notre+Dame,+Lachine,+QC+H8S+2G5\/@45.4345984,-73.6860437,17z\/data=!3m1!4b1!4m5!3m4!1s0x4cc91692e9fec1e5:0x1fc08493479c9f78!8m2!3d45.4345984!4d-73.683855?hl=en\">Driving Directions<\/a><\/em><\/p>\n<p><em><a href=\"http:\/\/www.meteomedia.com\/weather\/caqc0281\">Pr\u00e9visions m\u00e9t\u00e9orologiques<\/a>\u00a0|\u00a0<a href=\"https:\/\/www.theweathernetwork.com\/ca\">The Weather Network<\/a><\/em><\/p>\n","protected":false},"excerpt":{"rendered":"<p>1946 \u2013 2023 &nbsp; C\u2019est avec une profonde tristesse que nous annon\u00e7ons le d\u00e9c\u00e8s de M. Jacques Tremblay \u00e9poux de Mme Ga\u00e9tane Miron. \u00a0 Outre son \u00e9pouse il laisse dans le deuil ses enfants, Cindy (Patrick), Chantal (Yann), Jonathan (Genevi\u00e8ve) et Fr\u00e9d\u00e9ric. Ses petits-enfants, Liam, J\u00e9r\u00e9my et Alexane. Ses s\u0153urs, Margot (Louis), Nicole (Andr\u00e9). Ainsi [&hellip;]<\/p>\n","protected":false},"author":58,"featured_media":26159,"comment_status":"open","ping_status":"open","sticky":false,"template":"","format":"standard","meta":{"_seopress_robots_primary_cat":"","_seopress_titles_title":"","_seopress_titles_desc":"","_seopress_robots_index":"","footnotes":""},"categories":[68],"tags":[],"class_list":["post-26162","post","type-post","status-publish","format-standard","has-post-thumbnail","hentry","category-obituaries"],"_links":{"self":[{"href":"https:\/\/jjcardinal.ca\/en\/wp-json\/wp\/v2\/posts\/26162","targetHints":{"allow":["GET"]}}],"collection":[{"href":"https:\/\/jjcardinal.ca\/en\/wp-json\/wp\/v2\/posts"}],"about":[{"href":"https:\/\/jjcardinal.ca\/en\/wp-json\/wp\/v2\/types\/post"}],"author":[{"embeddable":true,"href":"https:\/\/jjcardinal.ca\/en\/wp-json\/wp\/v2\/users\/58"}],"replies":[{"embeddable":true,"href":"https:\/\/jjcardinal.ca\/en\/wp-json\/wp\/v2\/comments?post=26162"}],"version-history":[{"count":1,"href":"https:\/\/jjcardinal.ca\/en\/wp-json\/wp\/v2\/posts\/26162\/revisions"}],"predecessor-version":[{"id":26163,"href":"https:\/\/jjcardinal.ca\/en\/wp-json\/wp\/v2\/posts\/26162\/revisions\/26163"}],"wp:featuredmedia":[{"embeddable":true,"href":"https:\/\/jjcardinal.ca\/en\/wp-json\/wp\/v2\/media\/26159"}],"wp:attachment":[{"href":"https:\/\/jjcardinal.ca\/en\/wp-json\/wp\/v2\/media?parent=26162"}],"wp:term":[{"taxonomy":"category","embeddable":true,"href":"https:\/\/jjcardinal.ca\/en\/wp-json\/wp\/v2\/categories?post=26162"},{"taxonomy":"post_tag","embeddable":true,"href":"https:\/\/jjcardinal.ca\/en\/wp-json\/wp\/v2\/tags?post=26162"}],"curies":[{"name":"wp","href":"https:\/\/api.w.org\/{rel}","templated":true}]}}