{"id":26457,"date":"2023-07-04T17:58:22","date_gmt":"2023-07-04T21:58:22","guid":{"rendered":"https:\/\/jjcardinal.ca\/m-valmont-ouellet\/"},"modified":"2023-07-04T18:11:45","modified_gmt":"2023-07-04T22:11:45","slug":"m-valmont-ouellet","status":"publish","type":"post","link":"https:\/\/jjcardinal.ca\/en\/m-valmont-ouellet\/","title":{"rendered":"Mr. Valmont Ouellet"},"content":{"rendered":"<p>C\u2019est avec solennit\u00e9 que nous annon\u00e7ons le d\u00e9c\u00e8s de Valmont Ouellet; \u00e9poux d\u2019H\u00e9l\u00e8ne Lamarche, papa de Cl\u00e9ment, Valmie, et Laurent, et papi ch\u00e9ri d\u2019Amlyne, Cerian, Meleri, Alec, et Gabriel.<\/p>\n<p>Il s\u2019est \u00e9teint doucement le 21 mai 2023 \u00e0 l&#8217;\u00e2ge de 91 ans, ayant v\u00e9cu une longue et belle vie remplie de sport, de p\u00e9dagogie, et d\u2019amour.<\/p>\n<p>Nous invitons la famille et les amis \u00e0 une c\u00e9r\u00e9monie de C\u00c9L\u00c9BRATION DE VIE qui sera tenue dimanche le 16 juillet de 15h \u00e0 17h15 au Salon JJ Cardinal de Lachine (2125 Notre-Dame,\u00a0Lachine, QC H8S 2G5) , selon l\u2019horaire suivant\u00a0:<\/p>\n<p>15h-16h30 \u2013 Accueil de la famille et condol\u00e9ances<\/p>\n<p>16h30 \u2013 17h15 \u2013 Pr\u00e9sentation, vid\u00e9os, musique et textes<\/p>\n<p>&nbsp;<\/p>\n<p><em><strong>R\u00c9SIDENCE FUN\u00c9RAIRE J.J. CARDINAL FUNERAL HOME<\/strong><\/em><\/p>\n<p><em>2125, rue Notre-Dame, Lachine (Qu\u00e9bec)\u00a0\u00a0H8S 2G5<\/em><\/p>\n<p><em>T\u00e9l. :\u00a0514-639-1511\u00a0|\u00a0T\u00e9l\u00e9c. :\u00a0514-639-1516\u00a0|\u00a0Courriel :\u00a0<\/em><a title=\"info@jjcardinal.ca\" href=\"mailto:info@jjcardinal.ca\"><em>info@jjcardinal.ca<\/em><\/a><\/p>\n<p><a title=\"Indications routi\u00e8res\" href=\"https:\/\/goo.gl\/maps\/6TF2f\" target=\"_blank\" rel=\"noopener\"><em>Indications routi\u00e8res<\/em><\/a><em>\u00a0|\u00a0<\/em><a title=\"Driving Directions\" href=\"https:\/\/www.google.ca\/maps\/place\/2125+Rue+Notre+Dame,+Lachine,+QC+H8S+2G5\/@45.4345984,-73.6860437,17z\/data=!3m1!4b1!4m5!3m4!1s0x4cc91692e9fec1e5:0x1fc08493479c9f78!8m2!3d45.4345984!4d-73.683855?hl=en\" target=\"_blank\" rel=\"noopener\"><em>Driving Directions<\/em><\/a><\/p>\n<p><a title=\"Pr\u00e9visions m\u00e9t\u00e9orologiques\" href=\"http:\/\/www.meteomedia.com\/weather\/caqc0281\" target=\"_blank\" rel=\"noopener\"><em>Pr\u00e9visions m\u00e9t\u00e9orologiques<\/em><\/a><em>\u00a0|\u00a0<\/em><a title=\"The Weather Network\" href=\"https:\/\/www.theweathernetwork.com\/ca\" target=\"_blank\" rel=\"noopener\"><em>The Weather Network<\/em><\/a><\/p>\n","protected":false},"excerpt":{"rendered":"<p>C\u2019est avec solennit\u00e9 que nous annon\u00e7ons le d\u00e9c\u00e8s de Valmont Ouellet; \u00e9poux d\u2019H\u00e9l\u00e8ne Lamarche, papa de Cl\u00e9ment, Valmie, et Laurent, et papi ch\u00e9ri d\u2019Amlyne, Cerian, Meleri, Alec, et Gabriel. Il s\u2019est \u00e9teint doucement le 21 mai 2023 \u00e0 l&#8217;\u00e2ge de 91 ans, ayant v\u00e9cu une longue et belle vie remplie de sport, de p\u00e9dagogie, et [&hellip;]<\/p>\n","protected":false},"author":58,"featured_media":26215,"comment_status":"open","ping_status":"open","sticky":false,"template":"","format":"standard","meta":{"_seopress_robots_primary_cat":"","_seopress_titles_title":"","_seopress_titles_desc":"","_seopress_robots_index":"","footnotes":""},"categories":[68],"tags":[],"class_list":["post-26457","post","type-post","status-publish","format-standard","has-post-thumbnail","hentry","category-obituaries"],"_links":{"self":[{"href":"https:\/\/jjcardinal.ca\/en\/wp-json\/wp\/v2\/posts\/26457","targetHints":{"allow":["GET"]}}],"collection":[{"href":"https:\/\/jjcardinal.ca\/en\/wp-json\/wp\/v2\/posts"}],"about":[{"href":"https:\/\/jjcardinal.ca\/en\/wp-json\/wp\/v2\/types\/post"}],"author":[{"embeddable":true,"href":"https:\/\/jjcardinal.ca\/en\/wp-json\/wp\/v2\/users\/58"}],"replies":[{"embeddable":true,"href":"https:\/\/jjcardinal.ca\/en\/wp-json\/wp\/v2\/comments?post=26457"}],"version-history":[{"count":1,"href":"https:\/\/jjcardinal.ca\/en\/wp-json\/wp\/v2\/posts\/26457\/revisions"}],"predecessor-version":[{"id":26458,"href":"https:\/\/jjcardinal.ca\/en\/wp-json\/wp\/v2\/posts\/26457\/revisions\/26458"}],"wp:featuredmedia":[{"embeddable":true,"href":"https:\/\/jjcardinal.ca\/en\/wp-json\/wp\/v2\/media\/26215"}],"wp:attachment":[{"href":"https:\/\/jjcardinal.ca\/en\/wp-json\/wp\/v2\/media?parent=26457"}],"wp:term":[{"taxonomy":"category","embeddable":true,"href":"https:\/\/jjcardinal.ca\/en\/wp-json\/wp\/v2\/categories?post=26457"},{"taxonomy":"post_tag","embeddable":true,"href":"https:\/\/jjcardinal.ca\/en\/wp-json\/wp\/v2\/tags?post=26457"}],"curies":[{"name":"wp","href":"https:\/\/api.w.org\/{rel}","templated":true}]}}